{"id":2933,"date":"2016-03-27T10:18:01","date_gmt":"2016-03-27T13:18:01","guid":{"rendered":"http:\/\/jodelson.com\/dicasdeviagem\/?p=2933"},"modified":"2019-05-05T10:04:03","modified_gmt":"2019-05-05T13:04:03","slug":"2933-2","status":"publish","type":"post","link":"https:\/\/jodelson.com\/dicasdeviagem\/2933-2\/","title":{"rendered":"Centro Hist\u00f3rico de S\u00e3o Luis (MA): Seis igrejas e uma caminhada"},"content":{"rendered":"<p>&nbsp;<\/p>\n<div id=\"attachment_2940\" style=\"width: 610px\" class=\"wp-caption aligncenter\"><img data-recalc-dims=\"1\" fetchpriority=\"high\" decoding=\"async\" aria-describedby=\"caption-attachment-2940\" class=\"wp-image-2940 size-full\" src=\"https:\/\/i0.wp.com\/jodelson.com\/dicasdeviagem\/wp-content\/uploads\/2016\/03\/Sobrados-na-Pra%C3%A7a-Maria-Arag%C3%A3o.jpg?resize=600%2C337\" alt=\"Casar\u00f5es da Universidade Federal do Maranh\u00e3o. No da direita funciona um curso de l\u00ednguas\" width=\"600\" height=\"337\" srcset=\"https:\/\/i0.wp.com\/jodelson.com\/dicasdeviagem\/wp-content\/uploads\/2016\/03\/Sobrados-na-Pra%C3%A7a-Maria-Arag%C3%A3o.jpg?w=600&amp;ssl=1 600w, https:\/\/i0.wp.com\/jodelson.com\/dicasdeviagem\/wp-content\/uploads\/2016\/03\/Sobrados-na-Pra%C3%A7a-Maria-Arag%C3%A3o.jpg?resize=300%2C169&amp;ssl=1 300w\" sizes=\"(max-width: 600px) 100vw, 600px\" \/><p id=\"caption-attachment-2940\" class=\"wp-caption-text\">Casar\u00f5es da UFMA, na Pra\u00e7a Gon\u00e7alves Dias<\/p><\/div>\n<p>Meu amigo Aloysio Seidel fez uma caminhada pelo Centro Hist\u00f3rico de S\u00e3o Luis (MA), registrou tudo com fotos e filmes e me cedeu todo o&nbsp;material, de forma exclusiva, para publica\u00e7\u00e3o nesse blog de dicas de viagem.<\/p>\n<p>A mim, ent\u00e3o, s\u00f3 restou o agrad\u00e1vel trabalho de compilar o material trazido por ele, obter algumas informa\u00e7\u00f5es adicionais com&nbsp;meu outro amigo, Jos\u00e9 Fortes, que <span style=\"text-decoration: underline;\">mora em S\u00e3o Luis<\/span>, incluir algumas informa\u00e7\u00f5es que eu pesquisei e outras que obtive em minhas visitas \u00e0 cidade e compartilhar o resultado nesse artigo.<\/p>\n<h2>O Centro Hist\u00f3rico de S\u00e3o Lu\u00eds do Maranh\u00e3o<\/h2>\n<p>Uma caminhada pelas ruas do Centro Hist\u00f3rico de S\u00e3o Luis \u00e9 uma atra\u00e7\u00e3o imperd\u00edvel, por menor que seja o tempo de estadia na capital. Essas ruas, muitas delas estreitas e de pavimenta\u00e7\u00e3o original, nos leva a conhecer um pouco da hist\u00f3ria secular da ilha atrav\u00e9s de seus&nbsp;solares, sobrados, pra\u00e7as, monumentos, igrejas, conventos, capelas, fontes e edifica\u00e7\u00f5es com&nbsp;fachadas revestidas em azulejos portugueses constru\u00eddas nos per\u00edodos colonial e imperial.<\/p>\n<p>Suas&nbsp;milhares de&nbsp;edifica\u00e7\u00f5es, algumas nem t\u00e3o&nbsp;bem preservadas mas todas elas de grande valor hist\u00f3rico e arquitet\u00f4nico, fez com que o Centro Hist\u00f3rico fosse tombado pelo Instituto do Patrim\u00f4nio Hist\u00f3rico e Art\u00edstico Nacional (IPHAN), em 1974 e reconhecida como Patrim\u00f4nio Cultural Mundial pela Unesco, em 1997.<\/p>\n<p>Curiosamente, embora o patrim\u00f4nio arquitetural&nbsp;preservado seja de origem portuguesa, a cidade foi fundada&nbsp;por colonizadores franceses e seu nome foi dado em homenagem a <a href=\"https:\/\/pt.wikipedia.org\/wiki\/Lu%C3%ADs_XIII_de_Fran%C3%A7a\" target=\"_blank\" rel=\"noopener noreferrer\">Luis XIII<\/a>, que foi o rei da Fran\u00e7a e Navarra de 1610 a 1643.<\/p>\n<p>Destacam-se, nesse incr\u00edvel conjunto arquitet\u00f4nico, as igrejas, as quais foram o assunto de interesse do passeio a p\u00e9 do meu amigo Aloysio. Ele fez uma caminhada com o objetivo de visitar cinco igrejas, mas acabou conhecendo mais uma e, no caminho, passou por algumas outras constru\u00e7\u00f5es e locais interessantes dos quais dois&nbsp;s\u00e3o apresentadas no final desse artigo.<\/p>\n<h2>O percurso a p\u00e9<\/h2>\n\n\t\t<style type=\"text\/css\">\n\t\t\t#gallery-1 {\n\t\t\t\tmargin: auto;\n\t\t\t}\n\t\t\t#gallery-1 .gallery-item {\n\t\t\t\tfloat: left;\n\t\t\t\tmargin-top: 10px;\n\t\t\t\ttext-align: center;\n\t\t\t\twidth: 50%;\n\t\t\t}\n\t\t\t#gallery-1 img {\n\t\t\t\tborder: 2px solid #cfcfcf;\n\t\t\t}\n\t\t\t#gallery-1 .gallery-caption {\n\t\t\t\tmargin-left: 0;\n\t\t\t}\n\t\t\t\/* see gallery_shortcode() in wp-includes\/media.php *\/\n\t\t<\/style>\n\t\t<div id='gallery-1' class='gallery galleryid-2933 gallery-columns-2 gallery-size-large'><dl class='gallery-item'>\n\t\t\t<dt class='gallery-icon landscape'>\n\t\t\t\t<a class=\"grouped_elements\" rel=\"tc-fancybox-group\" href=\"https:\/\/i0.wp.com\/jodelson.com\/dicasdeviagem\/wp-content\/uploads\/2016\/03\/BSL_Fachada.jpg?ssl=1\" title=\"Hotel Bristol Express - Fachada\"><img decoding=\"async\" width=\"300\" height=\"300\" src=\"https:\/\/i0.wp.com\/jodelson.com\/dicasdeviagem\/wp-content\/uploads\/2016\/03\/BSL_Fachada.jpg?fit=300%2C300&amp;ssl=1\" class=\"attachment-large size-large\" alt=\"Hotel Bristol Express - Fachada\" srcset=\"https:\/\/i0.wp.com\/jodelson.com\/dicasdeviagem\/wp-content\/uploads\/2016\/03\/BSL_Fachada.jpg?w=300&amp;ssl=1 300w, https:\/\/i0.wp.com\/jodelson.com\/dicasdeviagem\/wp-content\/uploads\/2016\/03\/BSL_Fachada.jpg?resize=150%2C150&amp;ssl=1 150w\" sizes=\"(max-width: 300px) 100vw, 300px\" \/><\/a>\n\t\t\t<\/dt>\n\t\t\t\t<dd class='wp-caption-text gallery-caption' id='gallery-1-3132'>\n\t\t\t\tHotel Bristol Express &#8211; Fachada\n\t\t\t\t<\/dd><\/dl><dl class='gallery-item'>\n\t\t\t<dt class='gallery-icon landscape'>\n\t\t\t\t<a class=\"grouped_elements\" rel=\"tc-fancybox-group\" href=\"https:\/\/i0.wp.com\/jodelson.com\/dicasdeviagem\/wp-content\/uploads\/2016\/03\/BSL_apto-blog.jpg?ssl=1\" title=\"Hotel Bristol Express - Quarto\"><img decoding=\"async\" width=\"300\" height=\"300\" src=\"https:\/\/i0.wp.com\/jodelson.com\/dicasdeviagem\/wp-content\/uploads\/2016\/03\/BSL_apto-blog.jpg?fit=300%2C300&amp;ssl=1\" class=\"attachment-large size-large\" alt=\"Hotel Bristol Express - Quarto\" srcset=\"https:\/\/i0.wp.com\/jodelson.com\/dicasdeviagem\/wp-content\/uploads\/2016\/03\/BSL_apto-blog.jpg?w=300&amp;ssl=1 300w, https:\/\/i0.wp.com\/jodelson.com\/dicasdeviagem\/wp-content\/uploads\/2016\/03\/BSL_apto-blog.jpg?resize=150%2C150&amp;ssl=1 150w\" sizes=\"(max-width: 300px) 100vw, 300px\" \/><\/a>\n\t\t\t<\/dt>\n\t\t\t\t<dd class='wp-caption-text gallery-caption' id='gallery-1-3131'>\n\t\t\t\tHotel Bristol Express &#8211; Quarto\n\t\t\t\t<\/dd><\/dl><br style=\"clear: both\" \/>\n\t\t<\/div>\n\n<p>Do <strong><a href=\"http:\/\/www.booking.com\/hotel\/br\/bristol-express-sao-luis.html?aid=1772179\">Hotel Bristol Express<\/a><\/strong>, onde estava hospedado, at\u00e9 a \u00faltima igreja visitada, Aloysio caminhou 1 hora e 13 minutos e percorreu 7,3 km. Como ele fez todo o percurso \u00e0 p\u00e9, na&nbsp;primeira metade do percurso foi&nbsp;necess\u00e1rio&nbsp;percorrer&nbsp;os&nbsp;3,3 km entre o hotel e a Igreja de Nossa Senhora do Ros\u00e1rio dos Pretos, a primeira das seis igrejas do passeio, localizada no&nbsp;Centro Hist\u00f3rico de S\u00e3o Luis. \u00c9 um percurso \u00e9 bem f\u00e1cil: &nbsp;basta seguir&nbsp;1,5 km rumo sudoeste pela Av. Colares Moreira at\u00e9 a rotat\u00f3ria do encontro com a&nbsp;Avenida Castelo Branco e, a partir da\u00ed, prosseguir rumo sul pela&nbsp;Avenida Castelo Branco, a qual termina logo depois de atravessar a Ponte Jos\u00e9 Sarney. S\u00e3o necess\u00e1rios cerca de 40 minutos para fazer essa primeira parte do percurso, mas s\u00f3&nbsp;para quem iniciar a caminhada&nbsp;a partir desse hotel espec\u00edfico. Por isso n\u00e3o inclui esse trecho no c\u00e1lculo da dist\u00e2ncia percorrida no roteiro.<\/p>\n<p>Retirando ent\u00e3o os 3,3 km do trecho inicial, sobram 4,0 km dos quais 2,2 km foram usados para a rota que passa pelas seis igrejas, percorrendo o caminho mais curto poss\u00edvel e os demais 1,8 km foram gastos pelo Aloysio circulando pelo interior ou pelos arredores das&nbsp;igrejas e outras atra\u00e7\u00f5es pr\u00f3ximas, de modo a fazer o caminho mais interessante ao inv\u00e9s do mais curto.<\/p>\n<p>O mapa do percurso partindo da primeira at\u00e9 a sexta igreja se encontra abaixo para refer\u00eancia. Esse roteiro percorre&nbsp;o caminho mais curto entre as igrejas e totaliza 2,2 km que podem ser percorridos em 30 minutos, sem paradas. Ocorre que \u00e9 irresist\u00edvel as paradas para apreciar os detalhes das constru\u00e7\u00f5es encontradas pelo caminho&nbsp;e tirar fotos, principalmente das igrejas, nem que seja somente da parte externa. Dessa forma, a dura\u00e7\u00e3o total da caminhada depender\u00e1 do interesse do visitante, mas recomendo reservar pelo menos duas horas para esse passeio.<\/p>\n<p>Recomendo fazer o passeio de manh\u00e3 ou no final da tarde, quando o sol est\u00e1 menos agressivo e usar cal\u00e7ados e roupas leves e&nbsp;confort\u00e1veis. Uma garrafa de \u00e1gua mineral e protetor solar s\u00e3o tamb\u00e9m bastante recomendados.<\/p>\n<p>Se o hor\u00e1rio escolhido para o passeio for o final da tarde, n\u00e3o deixe de assistir o p\u00f4r-do-sol na Pra\u00e7a Gon\u00e7alves Dias. Dicas, informa\u00e7\u00f5es e detalhes&nbsp;sobre essa atividade podem ser encontradas nesse artigo, no texto sobre a sexta igreja do percurso, que \u00e9 a Igreja de Nossa Senhora dos Rem\u00e9dios.<\/p>\n<p><center><br \/>\n<iframe style=\"border: 0;\" src=\"https:\/\/www.google.com\/maps\/embed?pb=!1m52!1m12!1m3!1d3985.941878803824!2d-44.30146856642403!3d-2.525880839886825!2m3!1f0!2f0!3f0!3m2!1i1024!2i768!4f13.1!4m37!3e2!4m5!1s0x7f68ee84df5785d%3A0x3ac1872975895a68!2sIgreja+de+Nossa+Senhora+do+Ros%C3%A1rio+dos+Pretos+-+Rua+do+Egito+-+Centro%2C+S%C3%A3o+Lu%C3%ADs+-+MA!3m2!1d-2.5266889!2d-44.3029884!4m5!1s0x7f68ee80183dfdf%3A0x232aa441b5e6120d!2sIgreja+da+S%C3%A9+-+Avenida+Pedro+II%2C+S%2FN+-+Centro%2C+S%C3%A3o+Lu%C3%ADs+-+MA%2C+65010-450!3m2!1d-2.5278595999999998!2d-44.304395899999996!4m5!1s0x7f68ee7a363dac1%3A0xecdf6361d964d8ae!2sIgreja+do+Carmo+-+Rua+do+Egito+-+Centro%2C+S%C3%A3o+Lu%C3%ADs+-+MA!3m2!1d-2.5297319!2d-44.303261299999996!4m5!1s0x7f68ee676382e63%3A0x39ac03e67096e7ef!2sIgreja+de+S%C3%A3o+Jo%C3%A3o+Batista+-+Rua+da+Paz+-+Centro%2C+S%C3%A3o+Lu%C3%ADs+-+MA!3m2!1d-2.5296254!2d-44.3000762!4m5!1s0x7f68eddb42efe1f%3A0x9821eb3219fea868!2sIgreja+Santo+Ant%C3%B4nio+-+Rua+Santo+Ant%C3%B4nio%2C+S%2FN+-+Centro%2C+S%C3%A3o+Lu%C3%ADs+-+MA%2C+65010-430!3m2!1d-2.5268332!2d-44.2995186!4m5!1s0x7f68eed91bef32b%3A0xa5ed2cbff17738a1!2sIgrejas+dos+Rem%C3%A9dios+-+Pr%C3%B3ximo+ao+n%C3%BAmero+301%2C+Pra%C3%A7a+Gon%C3%A7alves+Dias%2C+s%2Fn+-+Centro%2C+S%C3%A3o+Lu%C3%ADs+-+MA%2C+65020-240!3m2!1d-2.5237909!2d-44.2959415!5e0!3m2!1spt-BR!2sbr!4v1458935864501\" width=\"600\" height=\"450\" frameborder=\"0\" allowfullscreen=\"allowfullscreen\"><\/iframe><\/center><\/p>\n<h2>As igrejas do percurso<\/h2>\n<p>O percurso sugerido tem&nbsp;2,2 km passando por seis igrejas, come\u00e7ando pela&nbsp;Igreja Nossa Senhora do Ros\u00e1rio dos Pretos e indo at\u00e9 a Igreja de Nossa Senhora dos Rem\u00e9dios.<\/p>\n<p>Abaixo voc\u00ea encontra uma lista das igrejas, na ordem em que foram visitadas, contendo, para cada igreja<\/p>\n<ul>\n<li>o registro da quilometragem do percurso at\u00e9 aquele ponto, que aparece alinhado \u00e1 direita, abaixo de cada t\u00edtulo<\/li>\n<li>uma descri\u00e7\u00e3o sum\u00e1ria contendo&nbsp;a hist\u00f3ria, fatos curiosos e as principais caracter\u00edsticas<\/li>\n<li>o endere\u00e7o e, quando dispon\u00edvel, o telefone&nbsp;de contato<\/li>\n<\/ul>\n<h3>1- Igreja Nossa Senhora do Ros\u00e1rio dos Pretos<\/h3>\n\r\n\t\t<div id=\"jellyfish-counter-shortcode-1777661428\"\r\n\t\t\tclass=\"jellyfish-counter\"\r\n\t\t\tdata-digits=\"6\"\r\n\t\t\tdata-format=\"\"\r\n\t\t\tdata-tenths=\"1\"\r\n\t\t\tdata-digit-height=\"40\"\r\n\t\t\tdata-digit-width=\"30\"\r\n\t\t\tdata-digit-padding=\"0\"\r\n\t\t\tdata-digit-style=\"\"\r\n\t\t\tdata-alignment=\"right\"\r\n\t\t\tdata-bustedness=\"2\"\r\n\t\t\tdata-flat=\"\"\r\n\t\t\tdata-wait-time=\"20\"\r\n\t\t\tdata-start-value=\"0\"\r\n\t\t\tdata-end-value=\"0\"\r\n\t\t\tdata-direction=\"up\"\r\n\t\t\tdata-timestamp=\"\"\r\n\t\t\tdata-active=\"1\"\r\n\t\t\tdata-tick-multiplier=\"1\"\r\n\t\t\tdata-interval=\"1\">\r\n\t\t<\/div>\n<div id=\"attachment_2989\" style=\"width: 370px\" class=\"wp-caption aligncenter\"><img data-recalc-dims=\"1\" loading=\"lazy\" decoding=\"async\" aria-describedby=\"caption-attachment-2989\" class=\"size-full wp-image-2989\" src=\"https:\/\/i0.wp.com\/jodelson.com\/dicasdeviagem\/wp-content\/uploads\/2016\/03\/Igreja-N-S-do-Ros%C3%A1rio-dos-Pretos.jpg?resize=360%2C480\" alt=\"Igreja N S do Ros\u00e1rio dos Pretos\" width=\"360\" height=\"480\" srcset=\"https:\/\/i0.wp.com\/jodelson.com\/dicasdeviagem\/wp-content\/uploads\/2016\/03\/Igreja-N-S-do-Ros%C3%A1rio-dos-Pretos.jpg?w=360&amp;ssl=1 360w, https:\/\/i0.wp.com\/jodelson.com\/dicasdeviagem\/wp-content\/uploads\/2016\/03\/Igreja-N-S-do-Ros%C3%A1rio-dos-Pretos.jpg?resize=225%2C300&amp;ssl=1 225w\" sizes=\"(max-width: 360px) 100vw, 360px\" \/><p id=\"caption-attachment-2989\" class=\"wp-caption-text\">Igreja N S do Ros\u00e1rio dos Pretos &#8211; S\u00e3o Luis &#8211; MA<\/p><\/div>\n<p>O culto dos escravos \u00e0 Nossa Senhores do Ros\u00e1rio&nbsp;foi introduzido pelos jesu\u00edtas no s\u00e9culo XVII para legitimar a religi\u00e3o cat\u00f3lica entre os africanos, considerados pag\u00e3os.&nbsp;No s\u00e9culo XIX, as Irmandades do Ros\u00e1rio, em sua maioria eram formadas por negros que em seus cultos, separados dos&nbsp;brancos, tinham maior liberdade &nbsp;para&nbsp;promover a alforria dos irm\u00e3os escravos e garantir a sepultura em solo sagrado.<\/p>\n<p>Essa igreja come\u00e7ou a ser constru\u00edda em 1612, ano da funda\u00e7\u00e3o da capital. Os&nbsp;confrades da Irmandade de Nossa Senhora do Ros\u00e1rio, tendo \u00e0 frente o negro Jo\u00e3o Lu\u00eds da Fonseca, levaram cerca de 60 anos para constru\u00ed-la e a mesma foi vistoriada em 1772 e benzida em 1776, ocasi\u00e3o em que tamb\u00e9m recebeu a imagem Virgem do Ros\u00e1rio, trazida da Igreja do Carmo.<\/p>\n<table>\n<tbody>\n<tr>\n<td style=\"width: 50%; text-align: center;\">\n<p><div id=\"attachment_3105\" style=\"width: 370px\" class=\"wp-caption aligncenter\"><img data-recalc-dims=\"1\" loading=\"lazy\" decoding=\"async\" aria-describedby=\"caption-attachment-3105\" class=\"size-full wp-image-3105\" src=\"https:\/\/i0.wp.com\/jodelson.com\/dicasdeviagem\/wp-content\/uploads\/2016\/03\/Vista-interna-da-Igreja-de-Nossa-Senhora-do-Ros%C3%A1rios-dos-Pretos.jpg?resize=360%2C480\" alt=\"Vista interna da Igreja de Nossa Senhora do Ros\u00e1rios dos Pretos\" width=\"360\" height=\"480\" srcset=\"https:\/\/i0.wp.com\/jodelson.com\/dicasdeviagem\/wp-content\/uploads\/2016\/03\/Vista-interna-da-Igreja-de-Nossa-Senhora-do-Ros%C3%A1rios-dos-Pretos.jpg?w=360&amp;ssl=1 360w, https:\/\/i0.wp.com\/jodelson.com\/dicasdeviagem\/wp-content\/uploads\/2016\/03\/Vista-interna-da-Igreja-de-Nossa-Senhora-do-Ros%C3%A1rios-dos-Pretos.jpg?resize=225%2C300&amp;ssl=1 225w\" sizes=\"(max-width: 360px) 100vw, 360px\" \/><p id=\"caption-attachment-3105\" class=\"wp-caption-text\">Vista interna da Igreja de N. S. do Ros\u00e1rios dos Pretos<\/p><\/div><\/td>\n<td>De arquitetura muito simples,&nbsp;a Igreja de Nossa Senhora do Ros\u00e1rio dos Pretos foi a primeira a ser erguida na regi\u00e3o.<\/p>\n<p>A Irmandade de S\u00e3o Benedito \u00e9 a respons\u00e1vel por zelar e manter a integridade da mem\u00f3ria hist\u00f3rica da Igreja e realiza, com grande devo\u00e7\u00e3o, a festa de S\u00e3o Benedito todos os anos no m\u00eas de agosto.<\/td>\n<\/tr>\n<\/tbody>\n<\/table>\n<table>\n<tbody>\n<tr>\n<td>Endere\u00e7o: Rua do Egito, esquina com a Rua Santo Ant\u00f4nio &#8211; Centro Hist\u00f3rico &#8211; S\u00e3o Lu\u00eds &#8211; MA, Telefone:&nbsp;(98) 98705-2612<\/td>\n<\/tr>\n<\/tbody>\n<\/table>\n<h3>2 &#8211; Igreja de Nossa Senhora da Vit\u00f3ria (S\u00e9)<\/h3>\n\r\n\t\t<div id=\"jellyfish-counter-shortcode-1777661428\"\r\n\t\t\tclass=\"jellyfish-counter\"\r\n\t\t\tdata-digits=\"6\"\r\n\t\t\tdata-format=\"\"\r\n\t\t\tdata-tenths=\"1\"\r\n\t\t\tdata-digit-height=\"40\"\r\n\t\t\tdata-digit-width=\"30\"\r\n\t\t\tdata-digit-padding=\"0\"\r\n\t\t\tdata-digit-style=\"\"\r\n\t\t\tdata-alignment=\"right\"\r\n\t\t\tdata-bustedness=\"2\"\r\n\t\t\tdata-flat=\"\"\r\n\t\t\tdata-wait-time=\"20\"\r\n\t\t\tdata-start-value=\"0\"\r\n\t\t\tdata-end-value=\"0\"\r\n\t\t\tdata-direction=\"up\"\r\n\t\t\tdata-timestamp=\"\"\r\n\t\t\tdata-active=\"1\"\r\n\t\t\tdata-tick-multiplier=\"1\"\r\n\t\t\tdata-interval=\"1\">\r\n\t\t<\/div>\n<div id=\"metaslider-id-2980\" style=\"max-width: 360px; margin: 0 auto;\" class=\"ml-slider-3-107-0 metaslider metaslider-flex metaslider-2980 ml-slider has-dots-nav ms-theme-default\" role=\"region\" aria-label=\"Igreja S\u00e9 SLS\" data-height=\"480\" data-width=\"360\">\n    <div id=\"metaslider_container_2980\">\n        <div id=\"metaslider_2980\">\n            <ul class='slides'>\n                <li style=\"display: block; width: 100%;\" class=\"slide-2962 ms-image \" aria-roledescription=\"slide\" data-date=\"2016-03-12 07:50:11\" data-filename=\"051.jpg\" data-slide-type=\"image\"><img loading=\"lazy\" decoding=\"async\" width=\"360\" height=\"480\" src=\"https:\/\/i0.wp.com\/jodelson.com\/dicasdeviagem\/wp-content\/uploads\/2016\/03\/051.jpg?fit=360%2C480&amp;ssl=1\" class=\"slider-2980 slide-2962 msDefaultImage\" alt=\"Catedral de S\u00e3o Luis, MA, Brasil\" rel=\"\" title=\"Parte externa frontal\" srcset=\"https:\/\/i0.wp.com\/jodelson.com\/dicasdeviagem\/wp-content\/uploads\/2016\/03\/051.jpg?w=360&amp;ssl=1 360w, https:\/\/i0.wp.com\/jodelson.com\/dicasdeviagem\/wp-content\/uploads\/2016\/03\/051.jpg?resize=225%2C300&amp;ssl=1 225w\" sizes=\"(max-width: 360px) 100vw, 360px\" \/><div class=\"caption-wrap\"><div class=\"caption\">Parte externa frontal<\/div><\/div><\/li>\n                <li style=\"display: none; width: 100%;\" class=\"slide-3092 ms-image \" aria-roledescription=\"slide\" data-date=\"2016-03-26 22:55:50\" data-filename=\"Pra\u00e7a-Benedito-Leite.jpg\" data-slide-type=\"image\"><img loading=\"lazy\" decoding=\"async\" width=\"360\" height=\"480\" src=\"https:\/\/i0.wp.com\/jodelson.com\/dicasdeviagem\/wp-content\/uploads\/2016\/03\/Pra%C3%A7a-Benedito-Leite.jpg?fit=360%2C480&amp;ssl=1\" class=\"slider-2980 slide-3092 msDefaultImage\" alt=\"Pra\u00e7a Benedito Leite\" rel=\"\" title=\"\" \/><div class=\"caption-wrap\"><div class=\"caption\">Pra\u00e7a Benedito Leite, em frente \u00e0 Igreja da S\u00e9<\/div><\/div><\/li>\n                <li style=\"display: none; width: 100%;\" class=\"slide-2983 ms-image \" aria-roledescription=\"slide\" data-date=\"2016-03-23 00:34:30\" data-filename=\"Interior-da-Igreja-da-S\u00e9-3.jpg\" data-slide-type=\"image\"><img loading=\"lazy\" decoding=\"async\" width=\"360\" height=\"480\" src=\"https:\/\/i0.wp.com\/jodelson.com\/dicasdeviagem\/wp-content\/uploads\/2016\/03\/Interior-da-Igreja-da-S%C3%A9-3.jpg?fit=360%2C480&amp;ssl=1\" class=\"slider-2980 slide-2983 msDefaultImage\" alt=\"Interior da Igreja da S\u00e9 3\" rel=\"\" title=\"Nave lateral\" \/><div class=\"caption-wrap\"><div class=\"caption\">Nave lateral<\/div><\/div><\/li>\n                <li style=\"display: none; width: 100%;\" class=\"slide-2984 ms-image \" aria-roledescription=\"slide\" data-date=\"2016-03-23 00:34:32\" data-filename=\"Teto-da-Igreja-da-S\u00e9.jpg\" data-slide-type=\"image\"><img loading=\"lazy\" decoding=\"async\" width=\"360\" height=\"480\" src=\"https:\/\/i0.wp.com\/jodelson.com\/dicasdeviagem\/wp-content\/uploads\/2016\/03\/Teto-da-Igreja-da-S%C3%A9.jpg?fit=360%2C480&amp;ssl=1\" class=\"slider-2980 slide-2984 msDefaultImage\" alt=\"Teto da Igreja da S\u00e9\" rel=\"\" title=\"\" \/><div class=\"caption-wrap\"><div class=\"caption\">Teto<\/div><\/div><\/li>\n                <li style=\"display: none; width: 100%;\" class=\"slide-2982 ms-image \" aria-roledescription=\"slide\" data-date=\"2016-03-23 00:34:28\" data-filename=\"Interior-da-Igreja-da-S\u00e9-2.jpg\" data-slide-type=\"image\"><img loading=\"lazy\" decoding=\"async\" width=\"360\" height=\"480\" src=\"https:\/\/i0.wp.com\/jodelson.com\/dicasdeviagem\/wp-content\/uploads\/2016\/03\/Interior-da-Igreja-da-S%C3%A9-2.jpg?fit=360%2C480&amp;ssl=1\" class=\"slider-2980 slide-2982 msDefaultImage\" alt=\"Interior da Igreja da S\u00e9 2\" rel=\"\" title=\"\" \/><div class=\"caption-wrap\"><div class=\"caption\">Nave Central da Igreja da S\u00e9<\/div><\/div><\/li>\n                <li style=\"display: none; width: 100%;\" class=\"slide-2981 ms-image \" aria-roledescription=\"slide\" data-date=\"2016-03-23 00:34:26\" data-filename=\"Interior-da-Igreja-da-S\u00e9-1.jpg\" data-slide-type=\"image\"><img loading=\"lazy\" decoding=\"async\" width=\"360\" height=\"480\" src=\"https:\/\/i0.wp.com\/jodelson.com\/dicasdeviagem\/wp-content\/uploads\/2016\/03\/Interior-da-Igreja-da-S%C3%A9-1.jpg?fit=360%2C480&amp;ssl=1\" class=\"slider-2980 slide-2981 msDefaultImage\" alt=\"Interior da Igreja da S\u00e9 1\" rel=\"\" title=\"Pia de Batismo\" \/><div class=\"caption-wrap\"><div class=\"caption\">Pia de Batismo<\/div><\/div><\/li>\n            <\/ul>\n        <\/div>\n        \n    <\/div>\n<\/div>\n<p>A Catedral de Nossa Senhora da Vit\u00f3ria, tamb\u00e9m conhecida como Catedral Metropolitana de S\u00e3o Lu\u00eds do Maranh\u00e3o&nbsp;e&nbsp;Igreja da S\u00e9, \u00e9 a sede da arquidiocese do mesmo nome&nbsp;e \u00e9 considerado um dos monumentos hist\u00f3ricos mais antigos e importantes da cidade. O seu nome foi dado em homenagem a Nossa Senhora, protetora dos portugueses na Batalha de Guaxenduba, que foi um&nbsp;confronto militar importante para acelerar a expuls\u00e3o definitiva dos franceses do Maranh\u00e3o.<\/p>\n<p>A primeira edifica\u00e7\u00e3o nesse local foi iniciada em 1619 pelo 3\u00ba Capit\u00e3o-Mor Diogo Machado da Costa que, no final do seu mandato, em 1622, a inaugurou.<\/p>\n<p>Durante sua longa exist\u00eancia, essa Igreja sofreu v\u00e1rias reformas, demoli\u00e7\u00f5es e reconstru\u00e7\u00f5es.&nbsp;Em 1922, com a constru\u00e7\u00e3o da segunda torre, a Igreja da S\u00e9 ganhou o estilo neocl\u00e1ssico que apresenta at\u00e9 hoje. As \u00faltimas obras de restaura\u00e7\u00e3o foram patrocinadas pelo Governo Federal e foi conclu\u00edda em&nbsp;1996, recuperando o esplendor do ouro primitivo encoberto por pintura azul e branca.<\/p>\n<p>A pintura do forro da capela-mor, de 1954, \u00e9 de autoria de Jo\u00e3o de Deus e o&nbsp;ret\u00e1bulo do altar-m\u00f3r, do final do s\u00e9culo XVIIII, todo revestido em ouro, \u00e9 um dos destaques dessa igreja e foi&nbsp;tombado pelo IPHAN em 1954.<\/p>\n<p>No pr\u00e9dio anexo funciona a Arquidiocese de S\u00e3o Lu\u00eds e o largo&nbsp;em frente \u00e9 a Pra\u00e7a Benedito Leite, que faz parte do conjunto arquitet\u00f4nico e paisag\u00edstico de S\u00e3o Luis (MA), tombado pelo&nbsp;Instituto do Patrim\u00f4nio Hist\u00f3rico e Art\u00edstico Nacional (IPHAN), em 1974. Essa pra\u00e7a foi inaugurada, com o atual nome,&nbsp;no dia 6 de mar\u00e7o de 1911, data do anivers\u00e1rio de falecimento de Benedito Pereira Leite, que foi&nbsp;governador do Estado do Maranh\u00e3o de 1906 a 1908. No local h\u00e1&nbsp;uma est\u00e1tua em bronze do ex-governador esculpida pelo franc\u00eas&nbsp;<a href=\"https:\/\/fr.wikipedia.org\/wiki\/Fran%C3%A7ois_D%C3%A9corchemont\">Fran\u00e7ois \u00c9mile D\u00e9corchemont<\/a>&nbsp;que, curiosamente, n\u00e3o era especialista em esculturas em bronze e sim na constru\u00e7\u00e3o de vitrais.<\/p>\n<p>&nbsp;<\/p>\n<table>\n<tbody>\n<tr>\n<td style=\"width: 50%; text-align: center;\"><iframe src=\"https:\/\/player.vimeo.com\/video\/160441134\" width=\"250\" height=\"445\" frameborder=\"0\" allowfullscreen=\"allowfullscreen\"><\/iframe><\/td>\n<td>Vale a pena visitar o interior dessa igreja, que fica aberta de ter\u00e7a a sexta, das 8h \u00e0s 19h, s\u00e1bados das 8h \u00e0s 12h e das 15h \u00e0s 22h e aos domingos das 8h \u00e0s 12h e das 16h \u00e0s 21h.<\/p>\n<p>Clique na imagem ao lado para assistir o&nbsp;v\u00eddeo do interior da&nbsp;Igreja de Nossa Senhora da Vit\u00f3ria, Catedral de S\u00e3o Luis, com detalhes tais como a pia batismal, o altar, a imagem da santa, que fica \u00e0 direita de quem entra e a maravilhosa pintura do teto. Esse v\u00eddeo pode ser acessado tamb\u00e9m diretamente da p\u00e1gina desse blog de dicas de viagem no <a href=\"https:\/\/vimeo.com\/160441134\">vimeo [wp-svg-icons icon=&#8221;vimeo2&#8243; wrap=&#8221;i&#8221;]<\/a>.<\/p>\n<p>Para assistir o v\u00eddeo em tela cheia, clique primeiro no \u00edcone [wp-svg-icons icon=&#8221;expand&#8221; wrap=&#8221;i&#8221;] que aparece no canto inferior direito da imagem ao lado.<\/td>\n<\/tr>\n<\/tbody>\n<\/table>\n<table>\n<tbody>\n<tr>\n<td>Endere\u00e7o: Av. Pedro II, s\/n, quadra 06, Centro Hist\u00f3rico &#8211; S\u00e3o Lu\u00eds &#8211; MA, Telefone:&nbsp;(98) 3222-7380<\/td>\n<\/tr>\n<\/tbody>\n<\/table>\n<h3>3- Igreja do Carmo<\/h3>\n\r\n\t\t<div id=\"jellyfish-counter-shortcode-1777661428\"\r\n\t\t\tclass=\"jellyfish-counter\"\r\n\t\t\tdata-digits=\"6\"\r\n\t\t\tdata-format=\"\"\r\n\t\t\tdata-tenths=\"1\"\r\n\t\t\tdata-digit-height=\"40\"\r\n\t\t\tdata-digit-width=\"30\"\r\n\t\t\tdata-digit-padding=\"0\"\r\n\t\t\tdata-digit-style=\"\"\r\n\t\t\tdata-alignment=\"right\"\r\n\t\t\tdata-bustedness=\"2\"\r\n\t\t\tdata-flat=\"\"\r\n\t\t\tdata-wait-time=\"20\"\r\n\t\t\tdata-start-value=\"0\"\r\n\t\t\tdata-end-value=\"0\"\r\n\t\t\tdata-direction=\"up\"\r\n\t\t\tdata-timestamp=\"\"\r\n\t\t\tdata-active=\"1\"\r\n\t\t\tdata-tick-multiplier=\"1\"\r\n\t\t\tdata-interval=\"1\">\r\n\t\t<\/div>\n<p>No s\u00e9culo 17, a Igreja do Carmo serviu de fortaleza para combatentes que lutaram contra a invas\u00e3o holandesa \u00e0&nbsp;cidade de S\u00e3o Luis. As paredes e a porta de entrada s\u00e3o originais de sua constru\u00e7\u00e3o em 1627, mas os azulejos que decoram as paredes datam de 1866.<\/p>\n<table>\n<tbody>\n<tr>\n<td style=\"width: 50%; text-align: center;\"><iframe src=\"https:\/\/player.vimeo.com\/video\/160441587\" width=\"250\" height=\"444\" frameborder=\"0\" allowfullscreen=\"allowfullscreen\"><\/iframe><\/td>\n<td>O antigo convento, anexo \u00e1 igreja, serve de resid\u00eancia para freis capuchinhos e abriga um museu que cont\u00e9m&nbsp;pe\u00e7as de arte sacra, um antigo confession\u00e1rio e m\u00e1quinas de pedra que serviam para a produ\u00e7\u00e3o de h\u00f3stias. O museu tem&nbsp;entrada gr\u00e1tis e que abre de segunda a sexta de 14h&nbsp;\u00e0s 17h.<\/p>\n<p>Clique na imagem ao lado para assistir o&nbsp;v\u00eddeo com a vista externa da fachada da Igreja do Carmo e as constru\u00e7\u00f5es antigas em frente, algumas depreciadas e outras em bom estado de conserva\u00e7\u00e3o. Esse v\u00eddeo pode ser acessado tamb\u00e9m diretamente da p\u00e1gina desse blog de dicas de viagem no <a href=\"https:\/\/vimeo.com\/160441587\">vimeo [wp-svg-icons icon=&#8221;vimeo2&#8243; wrap=&#8221;i&#8221;]<\/a>.<\/p>\n<p>Para assistir o v\u00eddeo em tela cheia, clique primeiro no \u00edcone [wp-svg-icons icon=&#8221;expand&#8221; wrap=&#8221;i&#8221;] que aparece no canto inferior direito da imagem ao lado.<\/td>\n<\/tr>\n<\/tbody>\n<\/table>\n<table>\n<tbody>\n<tr>\n<td>Endere\u00e7o: Pra\u00e7a Jo\u00e3o Lisboa, 350,&nbsp;Centro Hist\u00f3rico &#8211; S\u00e3o Lu\u00eds &#8211; MA<\/td>\n<\/tr>\n<\/tbody>\n<\/table>\n<h3>4- Igreja de S\u00e3o Jo\u00e3o Batista<\/h3>\n\r\n\t\t<div id=\"jellyfish-counter-shortcode-1777661428\"\r\n\t\t\tclass=\"jellyfish-counter\"\r\n\t\t\tdata-digits=\"6\"\r\n\t\t\tdata-format=\"\"\r\n\t\t\tdata-tenths=\"1\"\r\n\t\t\tdata-digit-height=\"40\"\r\n\t\t\tdata-digit-width=\"30\"\r\n\t\t\tdata-digit-padding=\"0\"\r\n\t\t\tdata-digit-style=\"\"\r\n\t\t\tdata-alignment=\"right\"\r\n\t\t\tdata-bustedness=\"2\"\r\n\t\t\tdata-flat=\"\"\r\n\t\t\tdata-wait-time=\"20\"\r\n\t\t\tdata-start-value=\"0\"\r\n\t\t\tdata-end-value=\"0\"\r\n\t\t\tdata-direction=\"up\"\r\n\t\t\tdata-timestamp=\"\"\r\n\t\t\tdata-active=\"1\"\r\n\t\t\tdata-tick-multiplier=\"1\"\r\n\t\t\tdata-interval=\"1\">\r\n\t\t<\/div>\n<p><img data-recalc-dims=\"1\" loading=\"lazy\" decoding=\"async\" class=\"aligncenter wp-image-2944 size-full\" src=\"https:\/\/i0.wp.com\/jodelson.com\/dicasdeviagem\/wp-content\/uploads\/2016\/03\/Igreja-S%C3%A3o-Jo%C3%A3o-Batista.jpg?resize=300%2C300\" alt=\"Igreja S\u00e3o Jo\u00e3o Batista\" width=\"300\" height=\"300\" srcset=\"https:\/\/i0.wp.com\/jodelson.com\/dicasdeviagem\/wp-content\/uploads\/2016\/03\/Igreja-S%C3%A3o-Jo%C3%A3o-Batista.jpg?w=300&amp;ssl=1 300w, https:\/\/i0.wp.com\/jodelson.com\/dicasdeviagem\/wp-content\/uploads\/2016\/03\/Igreja-S%C3%A3o-Jo%C3%A3o-Batista.jpg?resize=150%2C150&amp;ssl=1 150w\" sizes=\"(max-width: 300px) 100vw, 300px\" \/><\/p>\n<p>A quarta igreja da rota do Aloysio&nbsp;foi constru\u00edda em 1665 pelo ent\u00e3o Governador&nbsp;Ruy Vaz Siqueira que, apaixonado por uma mulher casada e temendo se ver como protagonista de um esc\u00e2ndalo, prometeu a S\u00e3o Jo\u00e3o Batista, padroeiro dos injusti\u00e7ados por causa da f\u00e9, que se o seu romance nunca fosse descoberto mandaria construir esta igreja. Deduz-se, ent\u00e3o, que este romance permaneceu em segredo, dando \u00e0 cidade este belo exemplar da arquitetura neocl\u00e1ssica.<\/p>\n<p>Nessa&nbsp;igreja repousaram por muitos anos os restos mortais do traidor da Inconfid\u00eancia Mineira,Joaquim Silv\u00e9rio dos Reis, que fez a den\u00fancia para obter perd\u00e3o de suas d\u00edvidas com a Coroa.<\/p>\n<p>Em frente \u00e0&nbsp;Igreja de S\u00e3o Jo\u00e3o Batista encontra-se o pr\u00e9dio da antiga Faculdade de Odontologia de S\u00e3o Luis.<\/p>\n<table>\n<tbody>\n<tr>\n<td style=\"width: 50%; text-align: center;\"><iframe src=\"https:\/\/player.vimeo.com\/video\/160442872\" width=\"250\" height=\"444\" frameborder=\"0\" allowfullscreen=\"allowfullscreen\"><\/iframe><\/td>\n<td>Clique na imagem ao lado para assistir o&nbsp;v\u00eddeo com a vista externa da fachada da Igreja de S\u00e3o Jo\u00e3o Batista e as constru\u00e7\u00f5es e ruas ao redor, com destaque para o antigo pr\u00e9dio da Faculdade de Farm\u00e1cia e Odontologia de S\u00e3o Luis, com sua fachada bel\u00edssima e mal conservada, mas aparentemente em reforma em 2016, quando foi feito o filme. Esse v\u00eddeo pode ser acessado tamb\u00e9m diretamente da p\u00e1gina desse blog de dicas de viagem no <a href=\"https:\/\/vimeo.com\/160442872\">vimeo [wp-svg-icons icon=&#8221;vimeo2&#8243; wrap=&#8221;i&#8221;]<\/a>.<\/p>\n<p>Para assistir o v\u00eddeo em tela cheia, clique primeiro no \u00edcone [wp-svg-icons icon=&#8221;expand&#8221; wrap=&#8221;i&#8221;] que aparece no canto inferior direito da imagem ao lado.<\/td>\n<\/tr>\n<\/tbody>\n<\/table>\n<p>&nbsp;<\/p>\n<table>\n<tbody>\n<tr>\n<td>Endere\u00e7o:&nbsp;R. da Paz, S\/N &#8211; Centro Hist\u00f3rico &#8211; S\u00e3o Lu\u00eds &#8211; MA,<\/td>\n<\/tr>\n<\/tbody>\n<\/table>\n<h3>5- Igreja de Santo Ant\u00f4nio<\/h3>\n\r\n\t\t<div id=\"jellyfish-counter-shortcode-1777661428\"\r\n\t\t\tclass=\"jellyfish-counter\"\r\n\t\t\tdata-digits=\"6\"\r\n\t\t\tdata-format=\"\"\r\n\t\t\tdata-tenths=\"1\"\r\n\t\t\tdata-digit-height=\"40\"\r\n\t\t\tdata-digit-width=\"30\"\r\n\t\t\tdata-digit-padding=\"0\"\r\n\t\t\tdata-digit-style=\"\"\r\n\t\t\tdata-alignment=\"right\"\r\n\t\t\tdata-bustedness=\"2\"\r\n\t\t\tdata-flat=\"\"\r\n\t\t\tdata-wait-time=\"20\"\r\n\t\t\tdata-start-value=\"0\"\r\n\t\t\tdata-end-value=\"0\"\r\n\t\t\tdata-direction=\"up\"\r\n\t\t\tdata-timestamp=\"\"\r\n\t\t\tdata-active=\"1\"\r\n\t\t\tdata-tick-multiplier=\"1\"\r\n\t\t\tdata-interval=\"1\">\r\n\t\t<\/div>\n<div id=\"attachment_3095\" style=\"width: 370px\" class=\"wp-caption aligncenter\"><img data-recalc-dims=\"1\" loading=\"lazy\" decoding=\"async\" aria-describedby=\"caption-attachment-3095\" class=\"size-full wp-image-3095\" src=\"https:\/\/i0.wp.com\/jodelson.com\/dicasdeviagem\/wp-content\/uploads\/2016\/03\/Vista-frontal-da-Igreja-de-Santo-Ant%C3%B4nio.jpg?resize=360%2C480\" alt=\"Vista frontal da Igreja de Santo Ant\u00f4nio\" width=\"360\" height=\"480\" srcset=\"https:\/\/i0.wp.com\/jodelson.com\/dicasdeviagem\/wp-content\/uploads\/2016\/03\/Vista-frontal-da-Igreja-de-Santo-Ant%C3%B4nio.jpg?w=360&amp;ssl=1 360w, https:\/\/i0.wp.com\/jodelson.com\/dicasdeviagem\/wp-content\/uploads\/2016\/03\/Vista-frontal-da-Igreja-de-Santo-Ant%C3%B4nio.jpg?resize=225%2C300&amp;ssl=1 225w\" sizes=\"(max-width: 360px) 100vw, 360px\" \/><p id=\"caption-attachment-3095\" class=\"wp-caption-text\">Vista frontal da Igreja de Santo Ant\u00f4nio<\/p><\/div>\n<p>A primeira constru\u00e7\u00e3o que se ergueu no local foi o Convento de Santo Ant\u00f4nio, inaugurado em 1625 pelo frei franciscano Crist\u00f3v\u00e3o de Lisboa. Somente mais de duzentos anos depois, em 1867, \u00e9 que a igreja foi inaugurada em&nbsp;uma grande comemora\u00e7\u00e3o com prociss\u00e3o e salva dos canh\u00f5es do Baluarte.<\/p>\n<p>Os festejos de Santo Ant\u00f4nio ocorrem anualmente do dia 1\u00ba ao dia dia 13 de Junho, com atividades religiosas e manifesta\u00e7\u00f5es culturais dentro e fora da igreja.<\/p>\n<p>Em outubro de 1991, sua Santidade, o papa Jo\u00e3o Paulo II, em visita ao Brasil, se hospedou no convento anexo a essa igreja em sua passagem por S\u00e3o Luis.<\/p>\n<p>A igreja situa-se em frente ao antigo Largo de Santo Ant\u00f4nio,&nbsp;que passou a chamar-se&nbsp;Pra\u00e7a Ant\u00f4nio Lobo, atrav\u00e9s da Resolu\u00e7\u00e3o da C\u00e2mara Municipal de 10 de Abril de 1917, em&nbsp;homenagem a Ant\u00f4nio Francisco Leal Lobo, grande escritor maranhense que viveu de 1870 a 1916.<\/p>\n<p>Essa igreja tem uma <a href=\"https:\/\/www.facebook.com\/Igreja-de-Santo-Ant%C3%B4nio-Centro-S%C3%A3o-Luis-Maranh%C3%A3o-357037807815004\/\">p\u00e1gina da Igreja de Santo Ant\u00f4nio no facebook<\/a>, onde s\u00e3o divulgadas fotos e a programa\u00e7\u00e3o&nbsp;de atividades da par\u00f3quia.<\/p>\n<table>\n<tbody>\n<tr>\n<td>Endere\u00e7o:&nbsp;R. Santo Ant\u00f4nio, S\/N &#8211; Centro, S\u00e3o Lu\u00eds &#8211; MA, telefone:&nbsp;(98) 3231-2775<\/td>\n<\/tr>\n<\/tbody>\n<\/table>\n<h3>6- Igreja de Nossa Senhora dos Rem\u00e9dios<\/h3>\n\r\n\t\t<div id=\"jellyfish-counter-shortcode-1777661428\"\r\n\t\t\tclass=\"jellyfish-counter\"\r\n\t\t\tdata-digits=\"6\"\r\n\t\t\tdata-format=\"\"\r\n\t\t\tdata-tenths=\"1\"\r\n\t\t\tdata-digit-height=\"40\"\r\n\t\t\tdata-digit-width=\"30\"\r\n\t\t\tdata-digit-padding=\"0\"\r\n\t\t\tdata-digit-style=\"\"\r\n\t\t\tdata-alignment=\"right\"\r\n\t\t\tdata-bustedness=\"2\"\r\n\t\t\tdata-flat=\"\"\r\n\t\t\tdata-wait-time=\"20\"\r\n\t\t\tdata-start-value=\"0\"\r\n\t\t\tdata-end-value=\"0\"\r\n\t\t\tdata-direction=\"up\"\r\n\t\t\tdata-timestamp=\"\"\r\n\t\t\tdata-active=\"1\"\r\n\t\t\tdata-tick-multiplier=\"1\"\r\n\t\t\tdata-interval=\"1\">\r\n\t\t<\/div>\n<p>A Igreja de Nossa Senhora dos Rem\u00e9dios&nbsp;foi constru\u00edda em&nbsp;1719 e comp\u00f5e o conjunto urbano da Pra\u00e7a Gon\u00e7alves Dias, onde eram realizadas festas durante o m\u00eas de outubro, que o deixaram famoso, a ponto de render cita\u00e7\u00f5es em livros como <a href=\"https:\/\/pt.wikipedia.org\/wiki\/O_Mulato\">O Mulato<\/a>, romance&nbsp;de Alu\u00edsio Azevedo publicada em 1881 marcando o come\u00e7o do naturalismo na literatura brasileira. Hoje, a igreja est\u00e1 entre os pontos tur\u00edsticos mais interessantes&nbsp;de S\u00e3o Lu\u00eds devido \u00e0&nbsp;sua localiza\u00e7\u00e3o privilegiada, de frente para a Beira-mar e&nbsp;por ser a&nbsp;\u00fanica com elementos da arquitetura g\u00f3tica na cidade.<\/p>\n\n\t\t<style type=\"text\/css\">\n\t\t\t#gallery-2 {\n\t\t\t\tmargin: auto;\n\t\t\t}\n\t\t\t#gallery-2 .gallery-item {\n\t\t\t\tfloat: left;\n\t\t\t\tmargin-top: 10px;\n\t\t\t\ttext-align: center;\n\t\t\t\twidth: 33%;\n\t\t\t}\n\t\t\t#gallery-2 img {\n\t\t\t\tborder: 2px solid #cfcfcf;\n\t\t\t}\n\t\t\t#gallery-2 .gallery-caption {\n\t\t\t\tmargin-left: 0;\n\t\t\t}\n\t\t\t\/* see gallery_shortcode() in wp-includes\/media.php *\/\n\t\t<\/style>\n\t\t<div id='gallery-2' class='gallery galleryid-2933 gallery-columns-3 gallery-size-large'><dl class='gallery-item'>\n\t\t\t<dt class='gallery-icon landscape'>\n\t\t\t\t<a class=\"grouped_elements\" rel=\"tc-fancybox-group\" href=\"https:\/\/i0.wp.com\/jodelson.com\/dicasdeviagem\/wp-content\/uploads\/2016\/03\/Igreja-NS-dos-Rem%C3%A9dios-em-destaque.png?ssl=1\" title=\"Igreja N. S. dos Rem\u00e9dios em destaque\"><img loading=\"lazy\" decoding=\"async\" width=\"300\" height=\"300\" src=\"https:\/\/i0.wp.com\/jodelson.com\/dicasdeviagem\/wp-content\/uploads\/2016\/03\/Igreja-NS-dos-Rem%C3%A9dios-em-destaque.png?fit=300%2C300&amp;ssl=1\" class=\"attachment-large size-large\" alt=\"Igreja N. S. dos Rem\u00e9dios\" \/><\/a>\n\t\t\t<\/dt>\n\t\t\t\t<dd class='wp-caption-text gallery-caption' id='gallery-2-3087'>\n\t\t\t\tIgreja de N. S. dos Rem\u00e9dios\n\t\t\t\t<\/dd><\/dl><dl class='gallery-item'>\n\t\t\t<dt class='gallery-icon landscape'>\n\t\t\t\t<a class=\"grouped_elements\" rel=\"tc-fancybox-group\" href=\"https:\/\/i0.wp.com\/jodelson.com\/dicasdeviagem\/wp-content\/uploads\/2016\/03\/Pra%C3%A7a-dos-Rem%C3%A9dios-pra%C3%A7a-dos-Namorados.jpg?ssl=1\" title=\"Pra\u00e7a Gon\u00e7alves Dias\"><img loading=\"lazy\" decoding=\"async\" width=\"360\" height=\"360\" src=\"https:\/\/i0.wp.com\/jodelson.com\/dicasdeviagem\/wp-content\/uploads\/2016\/03\/Pra%C3%A7a-dos-Rem%C3%A9dios-pra%C3%A7a-dos-Namorados.jpg?fit=360%2C360&amp;ssl=1\" class=\"attachment-large size-large\" alt=\"Pra\u00e7a Gon\u00e7alves Dias\" \/><\/a>\n\t\t\t<\/dt>\n\t\t\t\t<dd class='wp-caption-text gallery-caption' id='gallery-2-3089'>\n\t\t\t\tPra\u00e7a Gon\u00e7alves Dias, com seu obelisco.\n\t\t\t\t<\/dd><\/dl><dl class='gallery-item'>\n\t\t\t<dt class='gallery-icon landscape'>\n\t\t\t\t<a class=\"grouped_elements\" rel=\"tc-fancybox-group\" href=\"https:\/\/i0.wp.com\/jodelson.com\/dicasdeviagem\/wp-content\/uploads\/2016\/03\/Pra%C3%A7a-dos-Rem%C3%A9dios.-Ao-Fundo-Ponte-Jos%C3%A9-Sarney.jpg?ssl=1\" title=\"Pra\u00e7a Gon\u00e7alves Dias. Ao Fundo Ponte Jos\u00e9 Sarney\"><img loading=\"lazy\" decoding=\"async\" width=\"360\" height=\"360\" src=\"https:\/\/i0.wp.com\/jodelson.com\/dicasdeviagem\/wp-content\/uploads\/2016\/03\/Pra%C3%A7a-dos-Rem%C3%A9dios.-Ao-Fundo-Ponte-Jos%C3%A9-Sarney.jpg?fit=360%2C360&amp;ssl=1\" class=\"attachment-large size-large\" alt=\"Pra\u00e7a Gon\u00e7alves Dias. Ao Fundo Ponte Jos\u00e9 Sarney\" \/><\/a>\n\t\t\t<\/dt>\n\t\t\t\t<dd class='wp-caption-text gallery-caption' id='gallery-2-3090'>\n\t\t\t\tPra\u00e7a Gon\u00e7alves Dias. Ao Fundo Ponte Jos\u00e9 Sarney\n\t\t\t\t<\/dd><\/dl><br style=\"clear: both\" \/>\n\t\t<\/div>\n\n<p>As fotos acima mostram diversos \u00e2ngulos do Largo dos Rem\u00e9dios, tamb\u00e9m conhecido como Pra\u00e7a dos Namorados, Largo dos Amores e mais recentemente denominado Pra\u00e7a Gon\u00e7alves Dias em homenagem a um dos maiores poetas do Estado do Maranh\u00e3o, assim como o monumento com uma&nbsp;est\u00e1tua sua erguida no local. Na primeira foto se destaca, ao fundo, a&nbsp;Igreja de Nossa Senhora dos Rem\u00e9dios. A segunda foto mostra somente a pra\u00e7a. A terceira foto&nbsp;mostra ao fundo a Ponte Jos\u00e9 Sarney.<\/p>\n<p>Na Pra\u00e7a, h\u00e1 muitas palmeiras e um coreto, onde s\u00e3o realizadas apresenta\u00e7\u00f5es art\u00edsticas nos dias de festejo da Igreja dos Rem\u00e9dios.<\/p>\n<p>Outro fato interessante ainda sobre a&nbsp;Pra\u00e7a Gon\u00e7alves Dias \u00e9 que de l\u00e1 \u00e9 poss\u00edvel ter uma <strong>bela vista ao p\u00f4r-do-sol na ba\u00eda de S\u00e3o Marcos<\/strong>. Se esse programa lhe interessa, \u00e9 bom mesmo deixar a&nbsp;Igreja de Nossa Senhora dos Rem\u00e9dios&nbsp;por \u00faltimo no roteiro, especialmente se ele for feito no final do dia, pois assim voc\u00ea ter\u00e1 ter\u00e1 chances de apreciar e conferir se o&nbsp;p\u00f4r-do-sol visto de l\u00e1 merece mesmo toda essa fama!<\/p>\n<p>[wp-svg-icons icon=&#8221;info&#8221; wrap=&#8221;i&#8221;] Se for fazer o programa de assistir o p\u00f4r-do-sol da Pra\u00e7a Gon\u00e7alves Dias digite &#8220;<strong><em><span style=\"font-family: 'courier new', courier, monospace;\">por do sol em S\u00e3o Luis MA<\/span><\/em><\/strong>&#8221; &nbsp;na janela de pesquisa do <strong><a href=\"http:\/\/google.com.br\">Google<\/a><\/strong>&nbsp;e esteja atento para o hor\u00e1rio do por&nbsp;do sol no dia de seu passeio pois o sol n\u00e3o esperar\u00e1 voc\u00ea chegar para se por. \ud83d\ude42<\/p>\n<p>Originalmente, Aloysio havia planejado visitar cinco igrejas em seu passeio, mas sentindo-se ainda disposto e motivado pelas caracter\u00edsticas peculiares dessa igreja, a mesma foi inclu\u00edda no roteiro ao final do passeio, o que levou Aloysio a fazer o seguinte&nbsp;coment\u00e1rio, muito espirituoso, que ficou gravado no filme abaixo:<\/p>\n<blockquote><p>[wp-svg-icons icon=&#8221;quotes-right&#8221; wrap=&#8221;i&#8221;] Visite cinco igrejas e ganhe a sexta gr\u00e1tis!<\/p><\/blockquote>\n<p>&nbsp;<\/p>\n<table>\n<tbody>\n<tr>\n<td style=\"width: 50%; text-align: center;\"><iframe src=\"https:\/\/player.vimeo.com\/video\/160442873\" width=\"250\" height=\"444\" frameborder=\"0\" allowfullscreen=\"allowfullscreen\"><\/iframe><\/td>\n<td>Clique na imagem ao lado para assistir o&nbsp;v\u00eddeo mostrando o conjunto arquitet\u00f4nico integrado constitu\u00eddo da Ponte Jos\u00e9 Sarney, a Pra\u00e7a Gon\u00e7alves dias e a&nbsp;Igreja de Nossa Senhora dos Rem\u00e9dios. Esse v\u00eddeo pode ser acessado tamb\u00e9m diretamente da p\u00e1gina desse blog de dicas de viagem no <a href=\"https:\/\/vimeo.com\/160442873\">vimeo [wp-svg-icons icon=&#8221;vimeo2&#8243; wrap=&#8221;i&#8221;]<\/a>.<\/p>\n<p>Para assistir o v\u00eddeo em tela cheia, clique primeiro no \u00edcone [wp-svg-icons icon=&#8221;expand&#8221; wrap=&#8221;i&#8221;] que aparece no canto inferior direito da imagem ao lado.<\/td>\n<\/tr>\n<\/tbody>\n<\/table>\n<table>\n<tbody>\n<tr>\n<td>Endere\u00e7o:&nbsp; Pra\u00e7a Gon\u00e7alves Dias, s\/n &#8211; Centro, S\u00e3o Lu\u00eds &#8211; MA, 65020-240, Telefone:&nbsp;(98) 3221-6584<\/td>\n<\/tr>\n<\/tbody>\n<\/table>\n<h2>Outras obras arquitet\u00f4nicas&nbsp;do percurso<\/h2>\n<p>Durante o passeio a p\u00e9 pelas igrejas \u00e9 inevit\u00e1vel observar os v\u00e1rios casarios e constru\u00e7\u00f5es que abrigavam faculdades, escolas, bibliotecas e estabelecimentos comerciais. A principal caracter\u00edstica arquitet\u00f4nica dessas edifica\u00e7\u00f5es \u00e9&nbsp;a sua adapta\u00e7\u00e3o do estilo colonial portugu\u00eas ao clima local, quente e \u00famido. Entre as solu\u00e7\u00f5es, nota-se&nbsp;o uso de azulejos na impermeabiliza\u00e7\u00e3o das fachadas de taipa. As plantas s\u00e3o em &#8220;L&#8221; ou em &#8220;U&#8221;, com grandes telhados e venezianas.<\/p>\n<p>Abaixo uma colet\u00e2nea de fatos e fotos de algumas edifica\u00e7\u00f5es de destaque fotografas pelo Aloysio em sua caminhada.<\/p>\n<h3>Casar\u00f5es, solares e sobrados da Rua do Egito<\/h3>\n\n\t\t<style type=\"text\/css\">\n\t\t\t#gallery-3 {\n\t\t\t\tmargin: auto;\n\t\t\t}\n\t\t\t#gallery-3 .gallery-item {\n\t\t\t\tfloat: left;\n\t\t\t\tmargin-top: 10px;\n\t\t\t\ttext-align: center;\n\t\t\t\twidth: 33%;\n\t\t\t}\n\t\t\t#gallery-3 img {\n\t\t\t\tborder: 2px solid #cfcfcf;\n\t\t\t}\n\t\t\t#gallery-3 .gallery-caption {\n\t\t\t\tmargin-left: 0;\n\t\t\t}\n\t\t\t\/* see gallery_shortcode() in wp-includes\/media.php *\/\n\t\t<\/style>\n\t\t<div id='gallery-3' class='gallery galleryid-2933 gallery-columns-3 gallery-size-large'><dl class='gallery-item'>\n\t\t\t<dt class='gallery-icon portrait'>\n\t\t\t\t<a class=\"grouped_elements\" rel=\"tc-fancybox-group\" href=\"https:\/\/i0.wp.com\/jodelson.com\/dicasdeviagem\/wp-content\/uploads\/2016\/03\/Antiga-casa-na-rua-do-Egito.jpg?ssl=1\" title=\"Antiga casa na rua do Egito\"><img loading=\"lazy\" decoding=\"async\" width=\"360\" height=\"480\" src=\"https:\/\/i0.wp.com\/jodelson.com\/dicasdeviagem\/wp-content\/uploads\/2016\/03\/Antiga-casa-na-rua-do-Egito.jpg?fit=360%2C480&amp;ssl=1\" class=\"attachment-large size-large\" alt=\"Antiga casa na rua do Egito\" srcset=\"https:\/\/i0.wp.com\/jodelson.com\/dicasdeviagem\/wp-content\/uploads\/2016\/03\/Antiga-casa-na-rua-do-Egito.jpg?w=360&amp;ssl=1 360w, https:\/\/i0.wp.com\/jodelson.com\/dicasdeviagem\/wp-content\/uploads\/2016\/03\/Antiga-casa-na-rua-do-Egito.jpg?resize=225%2C300&amp;ssl=1 225w\" sizes=\"(max-width: 360px) 100vw, 360px\" \/><\/a>\n\t\t\t<\/dt>\n\t\t\t\t<dd class='wp-caption-text gallery-caption' id='gallery-3-3053'>\n\t\t\t\tAntiga casa na Rua do Egito\n\t\t\t\t<\/dd><\/dl><dl class='gallery-item'>\n\t\t\t<dt class='gallery-icon portrait'>\n\t\t\t\t<a class=\"grouped_elements\" rel=\"tc-fancybox-group\" href=\"https:\/\/i0.wp.com\/jodelson.com\/dicasdeviagem\/wp-content\/uploads\/2016\/03\/Sobrado-na-rua-do-Egito.jpg?ssl=1\" title=\"Sobrado na rua do Egito\"><img loading=\"lazy\" decoding=\"async\" width=\"360\" height=\"480\" src=\"https:\/\/i0.wp.com\/jodelson.com\/dicasdeviagem\/wp-content\/uploads\/2016\/03\/Sobrado-na-rua-do-Egito.jpg?fit=360%2C480&amp;ssl=1\" class=\"attachment-large size-large\" alt=\"Sobrado na rua do Egito\" srcset=\"https:\/\/i0.wp.com\/jodelson.com\/dicasdeviagem\/wp-content\/uploads\/2016\/03\/Sobrado-na-rua-do-Egito.jpg?w=360&amp;ssl=1 360w, https:\/\/i0.wp.com\/jodelson.com\/dicasdeviagem\/wp-content\/uploads\/2016\/03\/Sobrado-na-rua-do-Egito.jpg?resize=225%2C300&amp;ssl=1 225w\" sizes=\"(max-width: 360px) 100vw, 360px\" \/><\/a>\n\t\t\t<\/dt>\n\t\t\t\t<dd class='wp-caption-text gallery-caption' id='gallery-3-3054'>\n\t\t\t\tSobrado na Rua do Egito\n\t\t\t\t<\/dd><\/dl><dl class='gallery-item'>\n\t\t\t<dt class='gallery-icon portrait'>\n\t\t\t\t<a class=\"grouped_elements\" rel=\"tc-fancybox-group\" href=\"https:\/\/i0.wp.com\/jodelson.com\/dicasdeviagem\/wp-content\/uploads\/2016\/03\/Subida-da-Rua-do-Egito.jpg?ssl=1\" title=\"Subida da Rua do Egito\"><img loading=\"lazy\" decoding=\"async\" width=\"360\" height=\"480\" src=\"https:\/\/i0.wp.com\/jodelson.com\/dicasdeviagem\/wp-content\/uploads\/2016\/03\/Subida-da-Rua-do-Egito.jpg?fit=360%2C480&amp;ssl=1\" class=\"attachment-large size-large\" alt=\"Subida da Rua do Egito\" srcset=\"https:\/\/i0.wp.com\/jodelson.com\/dicasdeviagem\/wp-content\/uploads\/2016\/03\/Subida-da-Rua-do-Egito.jpg?w=360&amp;ssl=1 360w, https:\/\/i0.wp.com\/jodelson.com\/dicasdeviagem\/wp-content\/uploads\/2016\/03\/Subida-da-Rua-do-Egito.jpg?resize=225%2C300&amp;ssl=1 225w\" sizes=\"(max-width: 360px) 100vw, 360px\" \/><\/a>\n\t\t\t<\/dt>\n\t\t\t\t<dd class='wp-caption-text gallery-caption' id='gallery-3-3055'>\n\t\t\t\tSubida da Rua do Egito\n\t\t\t\t<\/dd><\/dl><br style=\"clear: both\" \/>\n\t\t<\/div>\n\n<p>H\u00e1 v\u00e1rias edifica\u00e7\u00f5es de destaque localizadas na subida da Rua do Egito, que liga a Ponte de S\u00e3o Francisco (Ponte Jos\u00e9 Sarney) \u00e0 pra\u00e7a Jo\u00e3o Lisboa e ao centro antigo de S\u00e3o Luis. \u00c0 esquerda da terceira foto ao lado nota-se o muro do tradicional Col\u00e9gio Santa Teresa. Esse trecho da Rua do Egito \u00e9 bem pr\u00f3ximo da Igreja Nossa Senhora do Ros\u00e1rio dos Pretos, que \u00e9 a primeira igreja visitada no roteiro, inclusive a foto do meio, da esquerda, mostra um sobrado em frente \u00e0 em frente \u00e0 essa Igreja, sendo que, ao ado dele \u00e9 poss\u00edvel o pr\u00e9dio onde funcionou, por muitos anos, a Assembl\u00e9ia Legislativa do Maranh\u00e3o em um pr\u00e9dio descaracterizado dos demais.<\/p>\n<h3>Antiga Esta\u00e7\u00e3o da RFFSA<\/h3>\n\n\t\t<style type=\"text\/css\">\n\t\t\t#gallery-4 {\n\t\t\t\tmargin: auto;\n\t\t\t}\n\t\t\t#gallery-4 .gallery-item {\n\t\t\t\tfloat: left;\n\t\t\t\tmargin-top: 10px;\n\t\t\t\ttext-align: center;\n\t\t\t\twidth: 50%;\n\t\t\t}\n\t\t\t#gallery-4 img {\n\t\t\t\tborder: 2px solid #cfcfcf;\n\t\t\t}\n\t\t\t#gallery-4 .gallery-caption {\n\t\t\t\tmargin-left: 0;\n\t\t\t}\n\t\t\t\/* see gallery_shortcode() in wp-includes\/media.php *\/\n\t\t<\/style>\n\t\t<div id='gallery-4' class='gallery galleryid-2933 gallery-columns-2 gallery-size-large'><dl class='gallery-item'>\n\t\t\t<dt class='gallery-icon landscape'>\n\t\t\t\t<a class=\"grouped_elements\" rel=\"tc-fancybox-group\" href=\"https:\/\/i0.wp.com\/jodelson.com\/dicasdeviagem\/wp-content\/uploads\/2016\/03\/Maria-Fuma%C3%A7a-mal-conservada-pr%C3%B3ximo-%C3%A0-antiga-esta%C3%A7%C3%A3o-final-da-RFFSA.jpg?ssl=1\" title=\"Maria Fuma\u00e7a mal conservada, pr\u00f3ximo \u00e0 antiga esta\u00e7\u00e3o final da RFFSA\"><img loading=\"lazy\" decoding=\"async\" width=\"400\" height=\"400\" src=\"https:\/\/i0.wp.com\/jodelson.com\/dicasdeviagem\/wp-content\/uploads\/2016\/03\/Maria-Fuma%C3%A7a-mal-conservada-pr%C3%B3ximo-%C3%A0-antiga-esta%C3%A7%C3%A3o-final-da-RFFSA.jpg?fit=400%2C400&amp;ssl=1\" class=\"attachment-large size-large\" alt=\"Maria Fuma\u00e7a mal conservada, pr\u00f3ximo \u00e0 antiga esta\u00e7\u00e3o final da RFFSA\" \/><\/a>\n\t\t\t<\/dt>\n\t\t\t\t<dd class='wp-caption-text gallery-caption' id='gallery-4-3112'>\n\t\t\t\tMaria Fuma\u00e7a, pr\u00f3ximo \u00e0 antiga esta\u00e7\u00e3o da RFFSA\n\t\t\t\t<\/dd><\/dl><dl class='gallery-item'>\n\t\t\t<dt class='gallery-icon landscape'>\n\t\t\t\t<a class=\"grouped_elements\" rel=\"tc-fancybox-group\" href=\"https:\/\/i0.wp.com\/jodelson.com\/dicasdeviagem\/wp-content\/uploads\/2016\/03\/Casar%C3%A3o-na-Av.-Beira-Mar.jpg?ssl=1\" title=\"Antiga esta\u00e7\u00e3o final da RFFSA\"><img loading=\"lazy\" decoding=\"async\" width=\"600\" height=\"600\" src=\"https:\/\/i0.wp.com\/jodelson.com\/dicasdeviagem\/wp-content\/uploads\/2016\/03\/Casar%C3%A3o-na-Av.-Beira-Mar.jpg?fit=600%2C600&amp;ssl=1\" class=\"attachment-large size-large\" alt=\"Antiga esta\u00e7\u00e3o final da RFFSA\" \/><\/a>\n\t\t\t<\/dt>\n\t\t\t\t<dd class='wp-caption-text gallery-caption' id='gallery-4-2942'>\n\t\t\t\tAntiga esta\u00e7\u00e3o final da RFFSA\n\t\t\t\t<\/dd><\/dl><br style=\"clear: both\" \/>\n\t\t<\/div>\n\n<p>Depois de visitar a Igreja de Nossa Senhora dos Rem\u00e9dios, que \u00e9 a \u00faltima igreja do roteiro, seguindo-se a p\u00e9 pela Avenida Beira Mar, beirando o Rio Anil, em dire\u00e7\u00e3o \u00e0 Ponte Jos\u00e9 Sarney, logo depois do cruzamento com a Rua Jansen M\u00fcller, depara-se com um belo exemplo&nbsp;de&nbsp;obra arquitet\u00f4nica do in\u00edcio do s\u00e9culo XX. Trata-se da antiga esta\u00e7\u00e3o final da Rede Ferrovi\u00e1ria Federal S.A. (RFFSA). Um pr\u00e9dio de tr\u00eas&nbsp;andares, conhecido, na \u00e9poca, como Esta\u00e7\u00e3o Jo\u00e3o Pessoa, inaugurada em 1929 e que depois de 2007, com a extin\u00e7\u00e3o da RFFSA,&nbsp;abrigou v\u00e1rios \u00f3rg\u00e3os da&nbsp;Secretaria de Seguran\u00e7a P\u00fablica do Maranh\u00e3o (SSP-MA), entre eles v\u00e1rias delegacias de pol\u00edcia. O pr\u00e9dio fica&nbsp;pr\u00f3ximo \u00e0&nbsp;Pra\u00e7a Maria Arag\u00e3o, que era onde ficava a pera ferrovi\u00e1ria usada para retorno dos trens depois de deixar os passageiros na esta\u00e7\u00e3o. Hoje a pera foi transformado numa bela pra\u00e7a com locais projetados por Oscar Niemeyer.<\/p>\n<p>Desde 2013 h\u00e1 planos de revitalizar a antiga esta\u00e7\u00e3o para que a mesma possa&nbsp;abrigar restaurante panor\u00e2mico, galerias de arte, caf\u00e9s e lojas caracterizando assim&nbsp;um complexo cultural e tur\u00edstico. Na \u00e9poca do passeio que originou essas fotos esse pr\u00e9dio ainda estava abandonado, mas mesmo assim se destacou imponente na Pra\u00e7a Gon\u00e7alves Dias, ao ponto de merecer uma foto para esse artigo.<\/p>\n<p>Pr\u00f3ximo ao pr\u00e9dio da antiga esta\u00e7\u00e3o h\u00e1 uma&nbsp;Maria Fuma\u00e7a que era usada na ferrovia. A foto tirada em 2016, durante a visita do Aloysio mostra que essa preciosidade do s\u00e9culo passado est\u00e1 bastante depreciada, merecendo muitos cuidados de reforma e conserva\u00e7\u00e3o.<\/p>\n<h2>Vai para S\u00e3o Luis?<\/h2>\n<p>Se voc\u00ea est\u00e1 com plano de viajar para S\u00e3o Luis do Maranh\u00e3o, talvez lhe interesse os servi\u00e7os de alguns dos nossos parceiros.<\/p>\n<h3>Hospedagem em S\u00e3o Luis<\/h3>\n<p>&nbsp;<\/p>\n<table>\n<tbody>\n<tr>\n<td><ins class=\"bookingaff\" data-aid=\"1772179\" data-target_aid=\"1772179\" data-prod=\"nsb\" data-width=\"265\" data-height=\"360\"><br \/>\n<!-- Anything inside will go away once widget is loaded. --><br \/>\n<a href=\"\/\/www.booking.com?aid=1772179\">Booking.com<\/a><br \/>\n<\/ins><br \/>\n<script type=\"text\/javascript\">\/\/ < ![CDATA[\n\/\/ < ![CDATA[\n\/\/ < ![CDATA[\n\/\/ < ![CDATA[\n\/\/ < ![CDATA[\n\/\/ < ![CDATA[\n\/\/ < ![CDATA[\n\/\/ < ![CDATA[\n\/\/ < ![CDATA[\n\/\/ < ![CDATA[\n\/\/ < ![CDATA[\n\/\/ < ![CDATA[\n\/\/ < ![CDATA[\n\/\/ < ![CDATA[\n\/\/ < ![CDATA[\n\/\/ < ![CDATA[\n\/\/ < ![CDATA[\n\/\/ < ![CDATA[\n\/\/ < ![CDATA[\n\/\/ < ![CDATA[\n\/\/ < ![CDATA[\n\/\/ < ![CDATA[\n\/\/ < ![CDATA[\n\/\/ < ![CDATA[\n\/\/ < ![CDATA[\n\/\/ < ![CDATA[\n\/\/ < ![CDATA[\n\/\/ < ![CDATA[\n\/\/ < ![CDATA[\n\/\/ < ![CDATA[\n\/\/ < ![CDATA[\n\/\/ < ![CDATA[\n\/\/ < ![CDATA[\n\/\/ < ![CDATA[\n\/\/ < ![CDATA[\n\/\/ < ![CDATA[\n\/\/ < ![CDATA[\n\/\/ < ![CDATA[\n\/\/ < ![CDATA[\n\/\/ < ![CDATA[\n\/\/ < ![CDATA[\n\/\/ < ![CDATA[\n\/\/ < ![CDATA[\n\/\/ < ![CDATA[\n\/\/ < ![CDATA[\n\/\/ < ![CDATA[ (function(d, sc, u) { var s = d.createElement(sc), p = d.getElementsByTagName(sc)[0]; s.type = 'text\/javascript'; s.async = true; s.src = u + '?v=' + (+new Date()); p.parentNode.insertBefore(s,p); })(document, 'script', '\/\/aff.bstatic.com\/static\/affiliate_base\/js\/flexiproduct.js');\n\/\/ ]]><\/script><\/td>\n<td style=\"width: 70%; vertical-align: top;\">Voc\u00ea pode escolher o hotel ou pousada e fazer sua reserva <a href=\"http:\/\/www.booking.com\/searchresults.html?city=-645797&amp;aid=1772179\">na booking.com<\/a>, uma empresa que tem mais de 20 anos de mercado, com dezenas de op\u00e7\u00f5es de hospedagem em S\u00e3o Luis do Maranh\u00e3o&nbsp;e que garante os melhores pre\u00e7os para qualquer tipo de hospedagem, desde pousadas a hot\u00e9is luxuosos.&nbsp;Caso&nbsp;voc\u00ea decida realizar sua compra a partir dos links dessa p\u00e1gina, voc\u00ea estar\u00e1 contribuindo para a manuten\u00e7\u00e3o desse blog de dicas de viagem.<\/td>\n<\/tr>\n<\/tbody>\n<\/table>\n<h3><\/h3>\n<h3>Aluguel de carro em S\u00e3o Luis<\/h3>\n<p>Embora o passeio sugerido nesse artigo seja a p\u00e9 voc\u00ea pode alugar um carro para se deslocar pelos quatro cantos da cidade, passando pelas&nbsp;praias do Calhau, Olho d\u2018\u00c1gua e Ara\u00e7agi ou passear pelas margens&nbsp;da Lagoa da Jansen, no&nbsp;parque ecol\u00f3gico que vai da praia da Ponta d&#8217;Areia at\u00e9 o Bairro S\u00e3o Francisco. Se for alugar um carro em S\u00e3o Luis,&nbsp;sugiro fazer uma cota\u00e7\u00e3o com a&nbsp;<a href=\"http:\/\/www.rentcars.com.br\/?requestorid=189\">rentcars.com<\/a>\u00ae, que \u00e9 o&nbsp;principal site de compara\u00e7\u00e3o de pre\u00e7os e loca\u00e7\u00e3o de ve\u00edculos da Am\u00e9rica Latina, pois eles oferecem um servi\u00e7o de <strong>compara\u00e7\u00e3o de pre\u00e7os de v\u00e1rias locadoras<\/strong>, de modo que voc\u00ea n\u00e3o precisa entrar no site de cada uma e anotar o pre\u00e7o e a cobertura de cada uma para poder comparar no final.<\/p>\n<p>As principais diferenciais da <a href=\"http:\/\/www.rentcars.com.br\/?requestorid=189\">rentcars.com<\/a> s\u00e3o:<\/p>\n<ul>\n<li>Eles garantem sempre o menor pre\u00e7o e parcelam o pagamento em&nbsp;12 vezes;<\/li>\n<li>Desconto adicional para pagamento com boleto banc\u00e1rio;<\/li>\n<li>Por serem l\u00edder de mercado,&nbsp;eles&nbsp;tem&nbsp;acesso a pacotes exclusivos;<\/li>\n<\/ul>\n<p><center><a href=\"http:\/\/www.rentcars.com.br?requestorid=189\" target=\"_blank\" rel=\"noopener noreferrer\"><img decoding=\"async\" src=\"https:\/\/s3-sa-east-1.amazonaws.com\/mkt.mobicars.com.br\/afiliados\/banners\/1423766232\" alt=\"\"\/><\/a><\/center><\/p>\n<h3>Previs\u00e3o do tempo para S\u00e3o Luis<\/h3>\n<p>[wunderground location=&#8221;zmw:00000.1.82280&#8243; location_title=&#8221;S\u00e3o Luis, MA, Brasil&#8221; language=&#8221;BR&#8221; numdays=&#8221;7&#8243; layout=&#8221;table-horizontal&#8221; measurement=&#8221;metric&#8221; datelabel=&#8221;d\/m\/Y&#8221;]<\/p>\n<h3>Hor\u00e1rios de missas em S\u00e3o Luis<\/h3>\n<p>Se voc\u00ea for cat\u00f3lico, talvez lhe interesse, al\u00e9m de visitar as igrajas por dentro e por fora, tamb\u00e9m assistir uma missa durante o roteiro. para tanto consulte a tabela de hor\u00e1rios de missa nas igrejas do centro em s\u00e3o Luis no site <a href=\"http:\/\/www.horariodemissa.com.br\/search.php?opcoes=cidade_opcoes&amp;uf=MA&amp;cidade=S%C3%A3o+Lu%C3%ADs+do+Maranh%C3%A3o&amp;bairro=Centro&amp;submit=18de653d\">horariodemissa.com.br<\/a>.<\/p>\n<hr \/>\n<p><span style=\"font-size: 8pt;\"><strong>Cr\u00e9dito das m\u00eddias<\/strong>: As fotos da fachada e do quarto do Hotel Bristol Express s\u00e3o da Rede Bristol e elas foram publicadas nesse blog com autoriz\u00e7\u00e3o por escrito enviado em 29\/03\/16. Todas as demais fotos e filmes utilizados nesse artigo foram produzidas por Aloysio Seidel\u00a9 e cedidas para publica\u00e7\u00e3o exclusiva nesse blog atrav\u00e9s de autoriza\u00e7\u00e3o por escrito enviada pelo autor em 5\/3\/2016. \u00c9 proibida a c\u00f3pia, reprodu\u00e7\u00e3o ou utiliza\u00e7\u00e3o de qualquer parte do conte\u00fado desse artigo sem a autoriza\u00e7\u00e3o pr\u00e9via do autor desse blog.<\/span><span style=\"font-size: 8pt;\"><br \/>\n<strong>Fontes:<\/strong><\/span><br \/>\n<span style=\"font-size: 8pt;\">. Biblioteca particular do Mestre Jos\u00e9 Fortes.<br \/>\n. S\u00e3o Luis: <a href=\"http:\/\/portal.iphan.gov.br\/pagina\/detalhes\/346\">P\u00e1gina sobre a cidade no site do IPHAN<\/a><br \/>\n. Catedral de S\u00e3o Luis do Maranh\u00e3o: Igreja&nbsp;<a class=\"external text\" href=\"http:\/\/www.iphan.gov.br\/ans.net\/tema_consulta.asp?Linha=tc_belas.gif&amp;Cod=1252\" rel=\"nofollow\">Ret\u00e1bulo da Igreja Nossa Senhora da Vit\u00f3ria (S\u00e3o Lu\u00eds, MA)<\/a> no site do <a class=\"mw-redirect\" title=\"IPHAN\" href=\"http:\/\/portal.iphan.gov.br\/\">IPHAN<\/a><br \/>\n. Artigo sobre <a href=\"http:\/\/basilio.fundaj.gov.br\/pesquisaescolar\/index.php?option=com_content&amp;view=article&amp;id=896%3Aigreja-da-se-sao-luiz-ma&amp;catid=44%3Aletra-i&amp;Itemid=1\">Igreja da S\u00e9, S\u00e3o Luis, MA<\/a>, de Virg\u00edlia Barbosa no site de Pesquisa Escolar da&nbsp;Biblioteca Central Blanche Knopf<br \/>\n. Wikipedia &#8211; <a href=\"https:\/\/pt.wikipedia.org\/wiki\/Convento_e_Igreja_de_Santo_Ant%C3%B4nio_(S%C3%A3o_Lu%C3%ADs)\">Convento e Igreja de Santo Ant\u00f4nio<\/a>, capturado em 27\/3\/2016.<\/span><\/p>\n<p>&nbsp;<\/p>\n","protected":false},"excerpt":{"rendered":"<p>&nbsp; Meu amigo Aloysio Seidel fez uma caminhada pelo Centro Hist\u00f3rico de S\u00e3o Luis (MA), registrou tudo com fotos e filmes e me cedeu todo o&nbsp;material, de forma exclusiva, para publica\u00e7\u00e3o nesse blog de dicas de viagem. A mim, ent\u00e3o, s\u00f3 restou o agrad\u00e1vel trabalho de compilar o material trazido por ele, obter algumas informa\u00e7\u00f5es [&hellip;]<\/p>\n","protected":false},"author":1,"featured_media":3087,"comment_status":"open","ping_status":"open","sticky":false,"template":"","format":"standard","meta":{"_bos_mb_destination":[""],"_jetpack_memberships_contains_paid_content":false,"footnotes":"","jetpack_publicize_message":"","jetpack_publicize_feature_enabled":true,"jetpack_social_post_already_shared":true,"jetpack_social_options":{"image_generator_settings":{"template":"highway","default_image_id":0,"font":"","enabled":false},"version":2}},"categories":[9,1],"tags":[49],"class_list":{"0":"post-2933","1":"post","2":"type-post","3":"status-publish","4":"format-standard","5":"has-post-thumbnail","7":"category-brasil","8":"category-uncategorized","9":"tag-o-que-fazer","10":"czr-hentry"},"yoast_head":"<!-- This site is optimized with the Yoast SEO plugin v27.2 - https:\/\/yoast.com\/product\/yoast-seo-wordpress\/ -->\n<title>Centro Hist\u00f3rico de S\u00e3o Luis (MA): Seis igrejas e uma caminhada - VIVER VIAJANDO<\/title>\n<meta name=\"description\" content=\"Esse artigo apresenta o roteiro de\u00a0um passeio a p\u00e9 pelo Centro Hist\u00f3rico de S\u00e3o Luis (MA) com visita a seis igrejas em um domingo ensolarado de outono.\" \/>\n<meta name=\"robots\" content=\"index, follow, max-snippet:-1, max-image-preview:large, max-video-preview:-1\" \/>\n<link rel=\"canonical\" href=\"http:\/\/jodelson.com\/dicasdeviagem\/2933-2\/\" \/>\n<meta property=\"og:locale\" content=\"pt_BR\" \/>\n<meta property=\"og:type\" content=\"article\" \/>\n<meta property=\"og:title\" content=\"Centro Hist\u00f3rico de S\u00e3o Luis (MA): Seis igrejas e uma caminhada - VIVER VIAJANDO\" \/>\n<meta property=\"og:description\" content=\"Esse artigo apresenta o roteiro de\u00a0um passeio a p\u00e9 pelo Centro Hist\u00f3rico de S\u00e3o Luis (MA) com visita a seis igrejas em um domingo ensolarado de outono.\" \/>\n<meta property=\"og:url\" content=\"http:\/\/jodelson.com\/dicasdeviagem\/2933-2\/\" \/>\n<meta property=\"og:site_name\" content=\"VIVER VIAJANDO\" \/>\n<meta property=\"article:publisher\" content=\"https:\/\/www.facebook.com\/ddviagem\" \/>\n<meta property=\"article:published_time\" content=\"2016-03-27T13:18:01+00:00\" \/>\n<meta property=\"article:modified_time\" content=\"2019-05-05T13:04:03+00:00\" \/>\n<meta property=\"og:image\" content=\"https:\/\/i0.wp.com\/jodelson.com\/dicasdeviagem\/wp-content\/uploads\/2016\/03\/Igreja-NS-dos-Rem%C3%A9dios-em-destaque.png?fit=300%2C300\" \/>\n\t<meta property=\"og:image:width\" content=\"300\" \/>\n\t<meta property=\"og:image:height\" content=\"300\" \/>\n\t<meta property=\"og:image:type\" content=\"image\/png\" \/>\n<meta name=\"author\" content=\"jodelson\" \/>\n<meta name=\"twitter:label1\" content=\"Escrito por\" \/>\n\t<meta name=\"twitter:data1\" content=\"jodelson\" \/>\n\t<meta name=\"twitter:label2\" content=\"Est. tempo de leitura\" \/>\n\t<meta name=\"twitter:data2\" content=\"21 minutos\" \/>\n<script type=\"application\/ld+json\" class=\"yoast-schema-graph\">{\"@context\":\"https:\/\/schema.org\",\"@graph\":[{\"@type\":\"Article\",\"@id\":\"http:\/\/jodelson.com\/dicasdeviagem\/2933-2\/#article\",\"isPartOf\":{\"@id\":\"http:\/\/jodelson.com\/dicasdeviagem\/2933-2\/\"},\"author\":{\"name\":\"jodelson\",\"@id\":\"http:\/\/jodelson.com\/dicasdeviagem\/#\/schema\/person\/8830c7078720e27e9067b8357396837a\"},\"headline\":\"Centro Hist\u00f3rico de S\u00e3o Luis (MA): Seis igrejas e uma caminhada\",\"datePublished\":\"2016-03-27T13:18:01+00:00\",\"dateModified\":\"2019-05-05T13:04:03+00:00\",\"mainEntityOfPage\":{\"@id\":\"http:\/\/jodelson.com\/dicasdeviagem\/2933-2\/\"},\"wordCount\":4267,\"commentCount\":2,\"image\":{\"@id\":\"http:\/\/jodelson.com\/dicasdeviagem\/2933-2\/#primaryimage\"},\"thumbnailUrl\":\"https:\/\/i0.wp.com\/jodelson.com\/dicasdeviagem\/wp-content\/uploads\/2016\/03\/Igreja-NS-dos-Rem%C3%A9dios-em-destaque.png?fit=300%2C300&ssl=1\",\"keywords\":[\"o que fazer\"],\"articleSection\":[\"Brasil\",\"Uncategorized\"],\"inLanguage\":\"pt-BR\",\"potentialAction\":[{\"@type\":\"CommentAction\",\"name\":\"Comment\",\"target\":[\"http:\/\/jodelson.com\/dicasdeviagem\/2933-2\/#respond\"]}]},{\"@type\":\"WebPage\",\"@id\":\"http:\/\/jodelson.com\/dicasdeviagem\/2933-2\/\",\"url\":\"http:\/\/jodelson.com\/dicasdeviagem\/2933-2\/\",\"name\":\"Centro Hist\u00f3rico de S\u00e3o Luis (MA): Seis igrejas e uma caminhada - VIVER VIAJANDO\",\"isPartOf\":{\"@id\":\"http:\/\/jodelson.com\/dicasdeviagem\/#website\"},\"primaryImageOfPage\":{\"@id\":\"http:\/\/jodelson.com\/dicasdeviagem\/2933-2\/#primaryimage\"},\"image\":{\"@id\":\"http:\/\/jodelson.com\/dicasdeviagem\/2933-2\/#primaryimage\"},\"thumbnailUrl\":\"https:\/\/i0.wp.com\/jodelson.com\/dicasdeviagem\/wp-content\/uploads\/2016\/03\/Igreja-NS-dos-Rem%C3%A9dios-em-destaque.png?fit=300%2C300&ssl=1\",\"datePublished\":\"2016-03-27T13:18:01+00:00\",\"dateModified\":\"2019-05-05T13:04:03+00:00\",\"author\":{\"@id\":\"http:\/\/jodelson.com\/dicasdeviagem\/#\/schema\/person\/8830c7078720e27e9067b8357396837a\"},\"description\":\"Esse artigo apresenta o roteiro de\u00a0um passeio a p\u00e9 pelo Centro Hist\u00f3rico de S\u00e3o Luis (MA) com visita a seis igrejas em um domingo ensolarado de outono.\",\"breadcrumb\":{\"@id\":\"http:\/\/jodelson.com\/dicasdeviagem\/2933-2\/#breadcrumb\"},\"inLanguage\":\"pt-BR\",\"potentialAction\":[{\"@type\":\"ReadAction\",\"target\":[\"http:\/\/jodelson.com\/dicasdeviagem\/2933-2\/\"]}]},{\"@type\":\"ImageObject\",\"inLanguage\":\"pt-BR\",\"@id\":\"http:\/\/jodelson.com\/dicasdeviagem\/2933-2\/#primaryimage\",\"url\":\"https:\/\/i0.wp.com\/jodelson.com\/dicasdeviagem\/wp-content\/uploads\/2016\/03\/Igreja-NS-dos-Rem%C3%A9dios-em-destaque.png?fit=300%2C300&ssl=1\",\"contentUrl\":\"https:\/\/i0.wp.com\/jodelson.com\/dicasdeviagem\/wp-content\/uploads\/2016\/03\/Igreja-NS-dos-Rem%C3%A9dios-em-destaque.png?fit=300%2C300&ssl=1\",\"width\":300,\"height\":300,\"caption\":\"Igreja de N. S. dos Rem\u00e9dios\"},{\"@type\":\"BreadcrumbList\",\"@id\":\"http:\/\/jodelson.com\/dicasdeviagem\/2933-2\/#breadcrumb\",\"itemListElement\":[{\"@type\":\"ListItem\",\"position\":1,\"name\":\"In\u00edcio\",\"item\":\"http:\/\/jodelson.com\/dicasdeviagem\/\"},{\"@type\":\"ListItem\",\"position\":2,\"name\":\"Centro Hist\u00f3rico de S\u00e3o Luis (MA): Seis igrejas e uma caminhada\"}]},{\"@type\":\"WebSite\",\"@id\":\"http:\/\/jodelson.com\/dicasdeviagem\/#website\",\"url\":\"http:\/\/jodelson.com\/dicasdeviagem\/\",\"name\":\"VIVER VIAJANDO\",\"description\":\"Aqui compartilho minhas melhores fotos, experi\u00eancias e dicas de viagem\",\"potentialAction\":[{\"@type\":\"SearchAction\",\"target\":{\"@type\":\"EntryPoint\",\"urlTemplate\":\"http:\/\/jodelson.com\/dicasdeviagem\/?s={search_term_string}\"},\"query-input\":{\"@type\":\"PropertyValueSpecification\",\"valueRequired\":true,\"valueName\":\"search_term_string\"}}],\"inLanguage\":\"pt-BR\"},{\"@type\":\"Person\",\"@id\":\"http:\/\/jodelson.com\/dicasdeviagem\/#\/schema\/person\/8830c7078720e27e9067b8357396837a\",\"name\":\"jodelson\",\"image\":{\"@type\":\"ImageObject\",\"inLanguage\":\"pt-BR\",\"@id\":\"https:\/\/secure.gravatar.com\/avatar\/82765a8848b1993c31c1455c81c3c28d0201e013e9404b80647aa1870b9caa97?s=96&d=mm&r=g\",\"url\":\"https:\/\/secure.gravatar.com\/avatar\/82765a8848b1993c31c1455c81c3c28d0201e013e9404b80647aa1870b9caa97?s=96&d=mm&r=g\",\"contentUrl\":\"https:\/\/secure.gravatar.com\/avatar\/82765a8848b1993c31c1455c81c3c28d0201e013e9404b80647aa1870b9caa97?s=96&d=mm&r=g\",\"caption\":\"jodelson\"},\"description\":\"Jodelson Sabino \u00e9 Bacharel em Matem\u00e1tica, Mestre em Inform\u00e1tica e Doutor em Engenharia de Produ\u00e7\u00e3o. Desenvolve pesquisas na \u00e1rea de otimiza\u00e7\u00e3o aplicada a sistemas de transporte e log\u00edstica. Trabalha h\u00e1 mais de 25 anos com tecnologia da Informa\u00e7\u00e3o gerenciando projetos de grande porte.\",\"sameAs\":[\"http:\/\/www.jodelson.com\"],\"url\":\"https:\/\/jodelson.com\/dicasdeviagem\/author\/jodelson\/\"}]}<\/script>\n<!-- \/ Yoast SEO plugin. -->","yoast_head_json":{"title":"Centro Hist\u00f3rico de S\u00e3o Luis (MA): Seis igrejas e uma caminhada - VIVER VIAJANDO","description":"Esse artigo apresenta o roteiro de\u00a0um passeio a p\u00e9 pelo Centro Hist\u00f3rico de S\u00e3o Luis (MA) com visita a seis igrejas em um domingo ensolarado de outono.","robots":{"index":"index","follow":"follow","max-snippet":"max-snippet:-1","max-image-preview":"max-image-preview:large","max-video-preview":"max-video-preview:-1"},"canonical":"http:\/\/jodelson.com\/dicasdeviagem\/2933-2\/","og_locale":"pt_BR","og_type":"article","og_title":"Centro Hist\u00f3rico de S\u00e3o Luis (MA): Seis igrejas e uma caminhada - VIVER VIAJANDO","og_description":"Esse artigo apresenta o roteiro de\u00a0um passeio a p\u00e9 pelo Centro Hist\u00f3rico de S\u00e3o Luis (MA) com visita a seis igrejas em um domingo ensolarado de outono.","og_url":"http:\/\/jodelson.com\/dicasdeviagem\/2933-2\/","og_site_name":"VIVER VIAJANDO","article_publisher":"https:\/\/www.facebook.com\/ddviagem","article_published_time":"2016-03-27T13:18:01+00:00","article_modified_time":"2019-05-05T13:04:03+00:00","og_image":[{"width":300,"height":300,"url":"https:\/\/i0.wp.com\/jodelson.com\/dicasdeviagem\/wp-content\/uploads\/2016\/03\/Igreja-NS-dos-Rem%C3%A9dios-em-destaque.png?fit=300%2C300","type":"image\/png"}],"author":"jodelson","twitter_misc":{"Escrito por":"jodelson","Est. tempo de leitura":"21 minutos"},"schema":{"@context":"https:\/\/schema.org","@graph":[{"@type":"Article","@id":"http:\/\/jodelson.com\/dicasdeviagem\/2933-2\/#article","isPartOf":{"@id":"http:\/\/jodelson.com\/dicasdeviagem\/2933-2\/"},"author":{"name":"jodelson","@id":"http:\/\/jodelson.com\/dicasdeviagem\/#\/schema\/person\/8830c7078720e27e9067b8357396837a"},"headline":"Centro Hist\u00f3rico de S\u00e3o Luis (MA): Seis igrejas e uma caminhada","datePublished":"2016-03-27T13:18:01+00:00","dateModified":"2019-05-05T13:04:03+00:00","mainEntityOfPage":{"@id":"http:\/\/jodelson.com\/dicasdeviagem\/2933-2\/"},"wordCount":4267,"commentCount":2,"image":{"@id":"http:\/\/jodelson.com\/dicasdeviagem\/2933-2\/#primaryimage"},"thumbnailUrl":"https:\/\/i0.wp.com\/jodelson.com\/dicasdeviagem\/wp-content\/uploads\/2016\/03\/Igreja-NS-dos-Rem%C3%A9dios-em-destaque.png?fit=300%2C300&ssl=1","keywords":["o que fazer"],"articleSection":["Brasil","Uncategorized"],"inLanguage":"pt-BR","potentialAction":[{"@type":"CommentAction","name":"Comment","target":["http:\/\/jodelson.com\/dicasdeviagem\/2933-2\/#respond"]}]},{"@type":"WebPage","@id":"http:\/\/jodelson.com\/dicasdeviagem\/2933-2\/","url":"http:\/\/jodelson.com\/dicasdeviagem\/2933-2\/","name":"Centro Hist\u00f3rico de S\u00e3o Luis (MA): Seis igrejas e uma caminhada - VIVER VIAJANDO","isPartOf":{"@id":"http:\/\/jodelson.com\/dicasdeviagem\/#website"},"primaryImageOfPage":{"@id":"http:\/\/jodelson.com\/dicasdeviagem\/2933-2\/#primaryimage"},"image":{"@id":"http:\/\/jodelson.com\/dicasdeviagem\/2933-2\/#primaryimage"},"thumbnailUrl":"https:\/\/i0.wp.com\/jodelson.com\/dicasdeviagem\/wp-content\/uploads\/2016\/03\/Igreja-NS-dos-Rem%C3%A9dios-em-destaque.png?fit=300%2C300&ssl=1","datePublished":"2016-03-27T13:18:01+00:00","dateModified":"2019-05-05T13:04:03+00:00","author":{"@id":"http:\/\/jodelson.com\/dicasdeviagem\/#\/schema\/person\/8830c7078720e27e9067b8357396837a"},"description":"Esse artigo apresenta o roteiro de\u00a0um passeio a p\u00e9 pelo Centro Hist\u00f3rico de S\u00e3o Luis (MA) com visita a seis igrejas em um domingo ensolarado de outono.","breadcrumb":{"@id":"http:\/\/jodelson.com\/dicasdeviagem\/2933-2\/#breadcrumb"},"inLanguage":"pt-BR","potentialAction":[{"@type":"ReadAction","target":["http:\/\/jodelson.com\/dicasdeviagem\/2933-2\/"]}]},{"@type":"ImageObject","inLanguage":"pt-BR","@id":"http:\/\/jodelson.com\/dicasdeviagem\/2933-2\/#primaryimage","url":"https:\/\/i0.wp.com\/jodelson.com\/dicasdeviagem\/wp-content\/uploads\/2016\/03\/Igreja-NS-dos-Rem%C3%A9dios-em-destaque.png?fit=300%2C300&ssl=1","contentUrl":"https:\/\/i0.wp.com\/jodelson.com\/dicasdeviagem\/wp-content\/uploads\/2016\/03\/Igreja-NS-dos-Rem%C3%A9dios-em-destaque.png?fit=300%2C300&ssl=1","width":300,"height":300,"caption":"Igreja de N. S. dos Rem\u00e9dios"},{"@type":"BreadcrumbList","@id":"http:\/\/jodelson.com\/dicasdeviagem\/2933-2\/#breadcrumb","itemListElement":[{"@type":"ListItem","position":1,"name":"In\u00edcio","item":"http:\/\/jodelson.com\/dicasdeviagem\/"},{"@type":"ListItem","position":2,"name":"Centro Hist\u00f3rico de S\u00e3o Luis (MA): Seis igrejas e uma caminhada"}]},{"@type":"WebSite","@id":"http:\/\/jodelson.com\/dicasdeviagem\/#website","url":"http:\/\/jodelson.com\/dicasdeviagem\/","name":"VIVER VIAJANDO","description":"Aqui compartilho minhas melhores fotos, experi\u00eancias e dicas de viagem","potentialAction":[{"@type":"SearchAction","target":{"@type":"EntryPoint","urlTemplate":"http:\/\/jodelson.com\/dicasdeviagem\/?s={search_term_string}"},"query-input":{"@type":"PropertyValueSpecification","valueRequired":true,"valueName":"search_term_string"}}],"inLanguage":"pt-BR"},{"@type":"Person","@id":"http:\/\/jodelson.com\/dicasdeviagem\/#\/schema\/person\/8830c7078720e27e9067b8357396837a","name":"jodelson","image":{"@type":"ImageObject","inLanguage":"pt-BR","@id":"https:\/\/secure.gravatar.com\/avatar\/82765a8848b1993c31c1455c81c3c28d0201e013e9404b80647aa1870b9caa97?s=96&d=mm&r=g","url":"https:\/\/secure.gravatar.com\/avatar\/82765a8848b1993c31c1455c81c3c28d0201e013e9404b80647aa1870b9caa97?s=96&d=mm&r=g","contentUrl":"https:\/\/secure.gravatar.com\/avatar\/82765a8848b1993c31c1455c81c3c28d0201e013e9404b80647aa1870b9caa97?s=96&d=mm&r=g","caption":"jodelson"},"description":"Jodelson Sabino \u00e9 Bacharel em Matem\u00e1tica, Mestre em Inform\u00e1tica e Doutor em Engenharia de Produ\u00e7\u00e3o. Desenvolve pesquisas na \u00e1rea de otimiza\u00e7\u00e3o aplicada a sistemas de transporte e log\u00edstica. Trabalha h\u00e1 mais de 25 anos com tecnologia da Informa\u00e7\u00e3o gerenciando projetos de grande porte.","sameAs":["http:\/\/www.jodelson.com"],"url":"https:\/\/jodelson.com\/dicasdeviagem\/author\/jodelson\/"}]}},"jetpack_publicize_connections":[],"jetpack_featured_media_url":"https:\/\/i0.wp.com\/jodelson.com\/dicasdeviagem\/wp-content\/uploads\/2016\/03\/Igreja-NS-dos-Rem%C3%A9dios-em-destaque.png?fit=300%2C300&ssl=1","jetpack_sharing_enabled":true,"jetpack-related-posts":[{"id":3471,"url":"https:\/\/jodelson.com\/dicasdeviagem\/versailles-conheca-a-historia-primeiro\/","url_meta":{"origin":2933,"position":0},"title":"Versailles &#8211; conhe\u00e7a a hist\u00f3ria primeiro","author":"jodelson","date":"02\/06\/2019","format":false,"excerpt":"Vista dos jardins e parque de Versailles a partir da janela central do Sal\u00e3o dos Espelhos Acredite: Mesmo que hist\u00f3ria n\u00e3o tenha sido uma de suas mat\u00e9rias preferidas na escola, vale a pena conhecer algumas informa\u00e7\u00f5es b\u00e1sicas sobre o Castelo e os Jardins de Versailles antes de visit\u00e1-los pela primeira\u2026","rel":"","context":"Em &quot;Europa&quot;","block_context":{"text":"Europa","link":"https:\/\/jodelson.com\/dicasdeviagem\/category\/europa\/"},"img":{"alt_text":"","src":"https:\/\/i0.wp.com\/jodelson.com\/dicasdeviagem\/wp-content\/uploads\/2019\/05\/1024px-Parc_du_Ch%C3%A2teau_de_Versailles_-_Les_Jardins.jpg?fit=1024%2C619&ssl=1&resize=350%2C200","width":350,"height":200,"srcset":"https:\/\/i0.wp.com\/jodelson.com\/dicasdeviagem\/wp-content\/uploads\/2019\/05\/1024px-Parc_du_Ch%C3%A2teau_de_Versailles_-_Les_Jardins.jpg?fit=1024%2C619&ssl=1&resize=350%2C200 1x, https:\/\/i0.wp.com\/jodelson.com\/dicasdeviagem\/wp-content\/uploads\/2019\/05\/1024px-Parc_du_Ch%C3%A2teau_de_Versailles_-_Les_Jardins.jpg?fit=1024%2C619&ssl=1&resize=525%2C300 1.5x, https:\/\/i0.wp.com\/jodelson.com\/dicasdeviagem\/wp-content\/uploads\/2019\/05\/1024px-Parc_du_Ch%C3%A2teau_de_Versailles_-_Les_Jardins.jpg?fit=1024%2C619&ssl=1&resize=700%2C400 2x"},"classes":[]},{"id":3644,"url":"https:\/\/jodelson.com\/dicasdeviagem\/gosta-de-vinho-do-porto-entao-conheca-este-local-urbano-imperdivel-em-sua-proxima-viagem-a-portugal\/","url_meta":{"origin":2933,"position":1},"title":"Gosta de Vinho do Porto? Ent\u00e3o conhe\u00e7a este local urbano imperd\u00edvel em sua pr\u00f3xima* viagem a Portugal!","author":"jodelson","date":"14\/08\/2021","format":false,"excerpt":"* Para informa\u00e7\u00f5es atualizadas sobre a libera\u00e7\u00e3o de entrada de turistas brasileiros em Portugal, veja notas no final deste artigo. Word of WineFoto: The Fladgate Partnership Se voc\u00ea \u00e9 do tipo que aprecia um bom vinho e, em especial, os Vinhos do Porto, certamente tem na cidade de mesmo nome,\u2026","rel":"","context":"Em &quot;Europa&quot;","block_context":{"text":"Europa","link":"https:\/\/jodelson.com\/dicasdeviagem\/category\/europa\/"},"img":{"alt_text":"centro de enoturismo taylors","src":"https:\/\/i0.wp.com\/jodelson.com\/dicasdeviagem\/wp-content\/uploads\/2017\/08\/centro-de-enoturismo-taylors.jpg?fit=1200%2C797&ssl=1&resize=350%2C200","width":350,"height":200,"srcset":"https:\/\/i0.wp.com\/jodelson.com\/dicasdeviagem\/wp-content\/uploads\/2017\/08\/centro-de-enoturismo-taylors.jpg?fit=1200%2C797&ssl=1&resize=350%2C200 1x, https:\/\/i0.wp.com\/jodelson.com\/dicasdeviagem\/wp-content\/uploads\/2017\/08\/centro-de-enoturismo-taylors.jpg?fit=1200%2C797&ssl=1&resize=525%2C300 1.5x, https:\/\/i0.wp.com\/jodelson.com\/dicasdeviagem\/wp-content\/uploads\/2017\/08\/centro-de-enoturismo-taylors.jpg?fit=1200%2C797&ssl=1&resize=700%2C400 2x, https:\/\/i0.wp.com\/jodelson.com\/dicasdeviagem\/wp-content\/uploads\/2017\/08\/centro-de-enoturismo-taylors.jpg?fit=1200%2C797&ssl=1&resize=1050%2C600 3x"},"classes":[]},{"id":1991,"url":"https:\/\/jodelson.com\/dicasdeviagem\/reims-roteiro-de-um-dia-a-partir-de-paris\/","url_meta":{"origin":2933,"position":2},"title":"Reims: Roteiro de um dia a partir de Paris","author":"jodelson","date":"21\/04\/2015","format":false,"excerpt":"Se voc\u00ea pretende viajar para Paris e o seu roteiro tem folga para incluir uma escapada de um dia,\u00a0uma op\u00e7\u00e3o interessante \u00e9 pegar um trem TGV e fazer uma viagem de 45 minutos para conhecer a cidade mais importante da regi\u00e3o de Champanhe: Reims, com suas constru\u00e7\u00f5es hist\u00f3ricas, seus campos\u2026","rel":"","context":"Em &quot;Europa&quot;","block_context":{"text":"Europa","link":"https:\/\/jodelson.com\/dicasdeviagem\/category\/europa\/"},"img":{"alt_text":"Brindec om hampanhe na praia","src":"https:\/\/i0.wp.com\/jodelson.com\/dicasdeviagem\/wp-content\/uploads\/2015\/04\/Brinde-praia-champagne.jpg?resize=350%2C200","width":350,"height":200,"srcset":"https:\/\/i0.wp.com\/jodelson.com\/dicasdeviagem\/wp-content\/uploads\/2015\/04\/Brinde-praia-champagne.jpg?resize=350%2C200 1x, https:\/\/i0.wp.com\/jodelson.com\/dicasdeviagem\/wp-content\/uploads\/2015\/04\/Brinde-praia-champagne.jpg?resize=525%2C300 1.5x"},"classes":[]},{"id":886,"url":"https:\/\/jodelson.com\/dicasdeviagem\/fort-myers-casas-edison-e-ford\/","url_meta":{"origin":2933,"position":3},"title":"Fort Myers, FL: Casas de inverno de Edison e Ford","author":"jodelson","date":"05\/12\/2014","format":false,"excerpt":"Thomas Alva Edison, considerado o maior inventor de todos os tempos, patenteou mais de mil inven\u00e7\u00f5es incluindo, entre elas, alguns dos dispositivos\u00a0mais \u00fateis e pr\u00e1ticos de toda a hist\u00f3ria da humanidade, como a l\u00e2mpada el\u00e9trica incandescente, a c\u00e2mara cinematogr\u00e1fica, a tecnologia da embalagem \u00e0 v\u00e1cuo, a pilha alcalina e o\u2026","rel":"","context":"Em &quot;Am\u00e9rica do Norte&quot;","block_context":{"text":"Am\u00e9rica do Norte","link":"https:\/\/jodelson.com\/dicasdeviagem\/category\/america-do-norte\/"},"img":{"alt_text":"Casas de inverno de Edison e Ford","src":"https:\/\/i0.wp.com\/jodelson.com\/dicasdeviagem\/wp-content\/uploads\/2014\/12\/EdisonSeminoleLodge.jpg?fit=815%2C501&ssl=1&resize=350%2C200","width":350,"height":200,"srcset":"https:\/\/i0.wp.com\/jodelson.com\/dicasdeviagem\/wp-content\/uploads\/2014\/12\/EdisonSeminoleLodge.jpg?fit=815%2C501&ssl=1&resize=350%2C200 1x, https:\/\/i0.wp.com\/jodelson.com\/dicasdeviagem\/wp-content\/uploads\/2014\/12\/EdisonSeminoleLodge.jpg?fit=815%2C501&ssl=1&resize=525%2C300 1.5x, https:\/\/i0.wp.com\/jodelson.com\/dicasdeviagem\/wp-content\/uploads\/2014\/12\/EdisonSeminoleLodge.jpg?fit=815%2C501&ssl=1&resize=700%2C400 2x"},"classes":[]},{"id":1976,"url":"https:\/\/jodelson.com\/dicasdeviagem\/conheca-a-reims-que-ninguem-conhece\/","url_meta":{"origin":2933,"position":4},"title":"Conhe\u00e7a a Reims que ningu\u00e9m conhece","author":"jodelson","date":"02\/06\/2015","format":false,"excerpt":"Cath\u00e9drale Notre-Dame de Reims: local de coroa\u00e7\u00e3o da maioria dos reis da Fran\u00e7a Em outro artigo desse blog eu sugiro um roteiro de um dia de dura\u00e7\u00e3o para um bate-e-volta de Paris a Reims onde n\u00e3o pude deixar de incluir as principais atra\u00e7\u00f5es da cidade\u00a0como visita \u00e0\u00a0Catedral de Notre Dame\u2026","rel":"","context":"Em &quot;Europa&quot;","block_context":{"text":"Europa","link":"https:\/\/jodelson.com\/dicasdeviagem\/category\/europa\/"},"img":{"alt_text":"L'Echapp\u00e9e Bulles - passeio de bike pelas montanhas de Reims","src":"https:\/\/i0.wp.com\/jodelson.com\/dicasdeviagem\/wp-content\/uploads\/2015\/04\/LEchapp%C3%A9e-Bulles.jpg?fit=725%2C543&ssl=1&resize=350%2C200","width":350,"height":200,"srcset":"https:\/\/i0.wp.com\/jodelson.com\/dicasdeviagem\/wp-content\/uploads\/2015\/04\/LEchapp%C3%A9e-Bulles.jpg?fit=725%2C543&ssl=1&resize=350%2C200 1x, https:\/\/i0.wp.com\/jodelson.com\/dicasdeviagem\/wp-content\/uploads\/2015\/04\/LEchapp%C3%A9e-Bulles.jpg?fit=725%2C543&ssl=1&resize=525%2C300 1.5x, https:\/\/i0.wp.com\/jodelson.com\/dicasdeviagem\/wp-content\/uploads\/2015\/04\/LEchapp%C3%A9e-Bulles.jpg?fit=725%2C543&ssl=1&resize=700%2C400 2x"},"classes":[]},{"id":1912,"url":"https:\/\/jodelson.com\/dicasdeviagem\/como-ir-de-paris-a-reims\/","url_meta":{"origin":2933,"position":5},"title":"Como ir de Paris a Reims","author":"jodelson","date":"19\/06\/2015","format":false,"excerpt":"Indo de carro de Paris para Reims Reims \u00e9, sem d\u00favida, uma cidade que voc\u00ea n\u00e3o pode deixar de visitar.\u00a0Com tantas atra\u00e7\u00f5es interessantes e localizada t\u00e3o perto de Paris, a d\u00favida que fica \u00e9 sobre qual\u00a0\u00e9 a melhor forma de ir de Paris at\u00e9 l\u00e1. Voc\u00ea pode ir de trem,\u2026","rel":"","context":"Em &quot;Europa&quot;","block_context":{"text":"Europa","link":"https:\/\/jodelson.com\/dicasdeviagem\/category\/europa\/"},"img":{"alt_text":"Paris Lest TGV","src":"https:\/\/i0.wp.com\/jodelson.com\/dicasdeviagem\/wp-content\/uploads\/2015\/05\/Paris-Lest-TGV.jpg?fit=600%2C399&ssl=1&resize=350%2C200","width":350,"height":200,"srcset":"https:\/\/i0.wp.com\/jodelson.com\/dicasdeviagem\/wp-content\/uploads\/2015\/05\/Paris-Lest-TGV.jpg?fit=600%2C399&ssl=1&resize=350%2C200 1x, https:\/\/i0.wp.com\/jodelson.com\/dicasdeviagem\/wp-content\/uploads\/2015\/05\/Paris-Lest-TGV.jpg?fit=600%2C399&ssl=1&resize=525%2C300 1.5x"},"classes":[]}],"_links":{"self":[{"href":"https:\/\/jodelson.com\/dicasdeviagem\/wp-json\/wp\/v2\/posts\/2933","targetHints":{"allow":["GET"]}}],"collection":[{"href":"https:\/\/jodelson.com\/dicasdeviagem\/wp-json\/wp\/v2\/posts"}],"about":[{"href":"https:\/\/jodelson.com\/dicasdeviagem\/wp-json\/wp\/v2\/types\/post"}],"author":[{"embeddable":true,"href":"https:\/\/jodelson.com\/dicasdeviagem\/wp-json\/wp\/v2\/users\/1"}],"replies":[{"embeddable":true,"href":"https:\/\/jodelson.com\/dicasdeviagem\/wp-json\/wp\/v2\/comments?post=2933"}],"version-history":[{"count":127,"href":"https:\/\/jodelson.com\/dicasdeviagem\/wp-json\/wp\/v2\/posts\/2933\/revisions"}],"predecessor-version":[{"id":3418,"href":"https:\/\/jodelson.com\/dicasdeviagem\/wp-json\/wp\/v2\/posts\/2933\/revisions\/3418"}],"wp:featuredmedia":[{"embeddable":true,"href":"https:\/\/jodelson.com\/dicasdeviagem\/wp-json\/wp\/v2\/media\/3087"}],"wp:attachment":[{"href":"https:\/\/jodelson.com\/dicasdeviagem\/wp-json\/wp\/v2\/media?parent=2933"}],"wp:term":[{"taxonomy":"category","embeddable":true,"href":"https:\/\/jodelson.com\/dicasdeviagem\/wp-json\/wp\/v2\/categories?post=2933"},{"taxonomy":"post_tag","embeddable":true,"href":"https:\/\/jodelson.com\/dicasdeviagem\/wp-json\/wp\/v2\/tags?post=2933"}],"curies":[{"name":"wp","href":"https:\/\/api.w.org\/{rel}","templated":true}]}}