{"id":452,"date":"2020-05-02T14:31:41","date_gmt":"2020-05-02T17:31:41","guid":{"rendered":"http:\/\/jodelson.com\/dicasdeviagem\/?p=452"},"modified":"2020-05-02T14:31:44","modified_gmt":"2020-05-02T17:31:44","slug":"como-visitar-os-jardins-de-versailles","status":"publish","type":"post","link":"http:\/\/jodelson.com\/dicasdeviagem\/como-visitar-os-jardins-de-versailles\/","title":{"rendered":"6 dicas para sua visita aos Jardins de Versalhes"},"content":{"rendered":"\n<div class=\"wp-block-image wp-image-3205 size-full\"><figure class=\"aligncenter\"><img data-recalc-dims=\"1\" fetchpriority=\"high\" decoding=\"async\" width=\"1170\" height=\"777\" src=\"https:\/\/i0.wp.com\/jodelson.com\/dicasdeviagem\/wp-content\/uploads\/2017\/07\/Vue_a%C3%A9rienne_du_domaine_de_Versailles_le_20_ao%C3%BBt_2014_par_ToucanWings_-_Creative_Commons_By_Sa_3.0_-_22.jpg?resize=1170%2C777\" alt=\"Varsailles\" class=\"wp-image-3205\" srcset=\"https:\/\/i0.wp.com\/jodelson.com\/dicasdeviagem\/wp-content\/uploads\/2017\/07\/Vue_a%C3%A9rienne_du_domaine_de_Versailles_le_20_ao%C3%BBt_2014_par_ToucanWings_-_Creative_Commons_By_Sa_3.0_-_22.jpg?w=1280 1280w, https:\/\/i0.wp.com\/jodelson.com\/dicasdeviagem\/wp-content\/uploads\/2017\/07\/Vue_a%C3%A9rienne_du_domaine_de_Versailles_le_20_ao%C3%BBt_2014_par_ToucanWings_-_Creative_Commons_By_Sa_3.0_-_22.jpg?resize=300%2C199 300w, https:\/\/i0.wp.com\/jodelson.com\/dicasdeviagem\/wp-content\/uploads\/2017\/07\/Vue_a%C3%A9rienne_du_domaine_de_Versailles_le_20_ao%C3%BBt_2014_par_ToucanWings_-_Creative_Commons_By_Sa_3.0_-_22.jpg?resize=768%2C510 768w, https:\/\/i0.wp.com\/jodelson.com\/dicasdeviagem\/wp-content\/uploads\/2017\/07\/Vue_a%C3%A9rienne_du_domaine_de_Versailles_le_20_ao%C3%BBt_2014_par_ToucanWings_-_Creative_Commons_By_Sa_3.0_-_22.jpg?resize=1024%2C680 1024w\" sizes=\"(max-width: 1170px) 100vw, 1170px\" \/><figcaption>Vista a\u00e9rea dos jardins de Versailles, 20\/08\/2014<\/figcaption><\/figure><\/div>\n\n\n\n<p>O Pal\u00e1cio de Versailles e seus impressionantes jardins, considerados os mais belos da Europa, com \u00e1rea maior do que a de 700 campos de futebol, \u00e9 um dos destinos mais visitados da Fran\u00e7a, recebendo mais de seis milh\u00f5es de pessoas por ano.<\/p>\n\n\n\n<p>Se voc\u00ea curte os livros, sites e as s\u00e9ries de TV com reis, rainhas, riquezas e intrigas, uma visita aos jardins e ao pal\u00e1cio de Versailles certamente te far\u00e1 voltar no tempo, imaginando como viviam a nobreza na \u00e9poca que antecedeu a Revolu\u00e7\u00e3o Francesa.<\/p>\n\n\n\n<figure class=\"wp-block-image\"><img data-recalc-dims=\"1\" decoding=\"async\" width=\"1024\" height=\"366\" src=\"https:\/\/i0.wp.com\/jodelson.com\/dicasdeviagem\/wp-content\/uploads\/2019\/08\/Serie-Versailles-NETFLIX.png?resize=1024%2C366\" alt=\"Cena da s\u00e9rie Versailles, do NETFLIX\" class=\"wp-image-3507\" srcset=\"https:\/\/i0.wp.com\/jodelson.com\/dicasdeviagem\/wp-content\/uploads\/2019\/08\/Serie-Versailles-NETFLIX.png?resize=1024%2C366 1024w, https:\/\/i0.wp.com\/jodelson.com\/dicasdeviagem\/wp-content\/uploads\/2019\/08\/Serie-Versailles-NETFLIX.png?resize=300%2C107 300w, https:\/\/i0.wp.com\/jodelson.com\/dicasdeviagem\/wp-content\/uploads\/2019\/08\/Serie-Versailles-NETFLIX.png?resize=768%2C275 768w, https:\/\/i0.wp.com\/jodelson.com\/dicasdeviagem\/wp-content\/uploads\/2019\/08\/Serie-Versailles-NETFLIX.png?w=1902 1902w\" sizes=\"(max-width: 1024px) 100vw, 1024px\" \/><figcaption>Cena da <strong><a href=\"https:\/\/www.netflix.com\/br\/title\/80099753\">s\u00e9rie Versailles<\/a><\/strong>, do NETFLIX<\/figcaption><\/figure>\n\n\n\n<p>O foco deste artigo \u00e9 esclarecer as principais d\u00favidas que voc\u00ea poder\u00e1 ter sobre <strong>OS JARDINS<\/strong> do Pal\u00e1cio de Versailles quando estiver PLANEJANDO sua visita. O artigo foi redigido em t\u00f3picos com t\u00edtulos destacados no estilo perguntas-e-respostas, de modo que voc\u00ea pode ir direto aos t\u00edtulos referentes \u00e0s quest\u00f5es que mais lhe interessam. <\/p>\n\n\n\n<h4 class=\"wp-block-heading\">Outros artigos e recursos deste <em>blog <\/em>sobre os Jardins de Versailles <\/h4>\n\n\n\n<ul class=\"wp-block-list\"><li><a href=\"http:\/\/jodelson.com\/dicasdeviagem\/versailles-conheca-a-historia-primeiro\/\"><strong>Versailles, conhe\u00e7a a hist\u00f3ria primeiro<\/strong><\/a><\/li><li><strong><a href=\"http:\/\/jodelson.com\/dicasdeviagem\/como-ir-de-paris-a-versailles\/\">COMO IR de Paris a Versailles<\/a><\/strong> <\/li><li><a href=\"http:\/\/jodelson.com\/dicasdeviagem\/wp-content\/uploads\/2019\/05\/cinco-n\u00famero-sobre-Versailles.pdf\"><strong>Infogr\u00e1fico <\/strong><\/a>simples e direto com 5 n\u00fameros sobre os Jardins de Versailles, disponibilizado exclusivamente para os leitores do blog VIVER VIAJANDO e para quem curte a <strong><a href=\"https:\/\/www.facebook.com\/ddviagem\/\">p\u00e1gina do VIVER VIAJANDO no facebook<\/a><\/strong>.<\/li><li> Dicas para aproveitar ao m\u00e1ximo a sua visita aos Jardins de Versailles (ainda em elabora\u00e7\u00e3o e ser\u00e1 publicado neste blog dentro de algumas semanas &#8211; cadastre-se, clicando no link no canto superior direito desta p\u00e1gina para receber uma notifica\u00e7\u00e3o a cada nova dica de viagem publicada)<\/li><\/ul>\n\n\n\n<h4 class=\"wp-block-heading\">Artigos de outros blogs que d\u00e3o dicas sobre visita ao Pal\u00e1cio e n\u00e3o aos Jardins <\/h4>\n\n\n\n<ul class=\"wp-block-list\"><li> O artigo <a href=\"http:\/\/www.gostoepronto.com\/2014\/06\/visitando-o-palacio-de-versailles\/\"><strong>Visitando o PAL\u00c1CIO de Versailles<\/strong><\/a> (e n\u00e3o os JARDINS) escrito pela D\u00e9bora, do <a href=\"http:\/\/www.gostoepronto.com\/\"><strong>blog GOSTO E PRONTO<\/strong><\/a>.  <\/li><\/ul>\n\n\n\n<h2 class=\"wp-block-heading\">1- \u00c9 verdade que o acesso aos Jardins de Versailles \u00e9 gratuito?<\/h2>\n\n\n\n<div class=\"wp-block-image\"><figure class=\"aligncenter\"><img data-recalc-dims=\"1\" decoding=\"async\" width=\"600\" height=\"448\" src=\"https:\/\/i0.wp.com\/jodelson.com\/dicasdeviagem\/wp-content\/uploads\/2017\/09\/Debora-em-Versailles-600x448.jpg?resize=600%2C448\" alt=\"Minha amiga D\u00e9bora em Versailles. Ao fundo os Jardins\" class=\"wp-image-3249\" srcset=\"https:\/\/i0.wp.com\/jodelson.com\/dicasdeviagem\/wp-content\/uploads\/2017\/09\/Debora-em-Versailles-600x448.jpg?resize=600%2C448 600w, https:\/\/i0.wp.com\/jodelson.com\/dicasdeviagem\/wp-content\/uploads\/2017\/09\/Debora-em-Versailles-600x448.jpg?resize=300%2C224 300w\" sizes=\"(max-width: 600px) 100vw, 600px\" \/><figcaption>Minha sobrinha Deborah. Ao fundo, o Parque de Versailles.<br \/>[Photo by Jovelson Aguilar]<\/figcaption><\/figure><\/div>\n\n\n\n<p>Sim &#8230; mas nem sempre. <\/p>\n\n\n\n<p>O acesso aos Jardins de Versailles \u00e9 gratuito para todos, i.e., para qualquer pessoa, sem distin\u00e7\u00e3o, <strong>exceto <\/strong>nos dias de <a href=\"http:\/\/www.chateauversailles.fr\/actualites\/spectacles\/grandes-eaux-jardins-musicaux\">Show das Grandes \u00c1guas Musicais<\/a>. Nestes dias, a entrada \u00e9 gratuita apenas para crian\u00e7as de at\u00e9 cinco anos.<\/p>\n\n\n\n<p>H\u00e1 outras condi\u00e7\u00f5es de gratuidade tais como jovens de at\u00e9 18 anos de idade e pessoas com necessidades especiais e seus acompanhantes. Em qualquer caso de gratuidade, a pessoa deve apresentar um documento de identidade e um comprovante de que atende um dos requisitos de gratuidade listados na p\u00e1gina que descreve as <a href=\"http:\/\/www.chateauversailles.fr\/preparer-ma-visite\/conditions-gratuite\"><strong>condi\u00e7\u00f5es para entrada gr\u00e1tis em Versailles<\/strong><\/a>, dispon\u00edvel em franc\u00eas e em ingl\u00eas. <\/p>\n\n\n\n<p>Al\u00e9m da entrada gr\u00e1tis nos Jardins de Versailles, \u00e9 bom saber que nos <strong>primeiros domingos dos meses de novembro a mar\u00e7o<\/strong>, toda a propriedade de Versailles, incluindo o <a href=\"http:\/\/www.chateauversailles.fr\/decouvrir\/domaine\/chateau\">Pal\u00e1cio de Versalhes<\/a> e o <a href=\"http:\/\/www.chateauversailles.fr\/decouvrir\/domaine\/domaine-trianon\">Trianon<\/a>, tem entrada gratuita para todos os visitantes. <\/p>\n\n\n\n<p>Mesmo nos dias em que acesso aos Jardins \u00e9 gratuito \u00e9 bom lembrar que essa gratuidade s\u00f3 \u00e9 v\u00e1lida o acesso \u00e9 feito \u00e0 p\u00e9 ou de bicicleta. Quem chega de ve\u00edculo automotor tem que pagar: 3 \u20ac por moto, 6 \u20ac por um carro, 30 \u20ac por \u00f4nibus (de 12 lugares). <\/p>\n\n\n\n<p>O acesso ao <a href=\"http:\/\/www.chateauversailles.fr\/decouvrir\/domaine\/parc\">Parque de Versailles<\/a> (veja a diferen\u00e7a entre o Parque e os Jardins na pergunta 5 abaixo) e \u00e0 <a href=\"http:\/\/www.chateauversailles.fr\/decouvrir\/domaine\/ecuries-royales\/galerie-carrosses\">Galeria das Carruagens<\/a> tamb\u00e9m \u00e9 gratuito para todos e tamb\u00e9m n\u00e3o h\u00e1 custos para acesso aos jardins para portadores de <a href=\"https:\/\/www.parispass.com\/paris-attractions\/Palace-of-Versailles.html\">Paris Pass<\/a> e <a href=\"http:\/\/jodelson.com\/dicasdeviagem\/como-visitar-paris-gastando-pouco-e-sem-entrar-nas-filas\/\"><strong>Paris Museum Pass<\/strong><\/a>. Nestes dois \u00faltimos casos, dos passes, n\u00e3o se pode dizer que a entrada \u00e9 propriamente gratuita porque os passes tem um custo. O fato \u00e9 que se a pessoa tiver o passe n\u00e3o paga (nada mais) para acesso aos jardins. Basta apresentar o passe.<\/p>\n\n\n\n<figure class=\"wp-block-image size-large\"><img data-recalc-dims=\"1\" loading=\"lazy\" decoding=\"async\" width=\"560\" height=\"315\" src=\"https:\/\/i0.wp.com\/jodelson.com\/dicasdeviagem\/wp-content\/uploads\/2020\/04\/Ticket-vending-machines.jpg?resize=560%2C315\" alt=\"\" class=\"wp-image-3588\" srcset=\"https:\/\/i0.wp.com\/jodelson.com\/dicasdeviagem\/wp-content\/uploads\/2020\/04\/Ticket-vending-machines.jpg?w=560 560w, https:\/\/i0.wp.com\/jodelson.com\/dicasdeviagem\/wp-content\/uploads\/2020\/04\/Ticket-vending-machines.jpg?resize=300%2C169 300w\" sizes=\"(max-width: 560px) 100vw, 560px\" \/><figcaption>[Photo by <a href=\"https:\/\/www.pexels.com\/@alexandros-chatzidimos-2033032\">Alexandros Chatzidimos<\/a>]<\/figcaption><\/figure>\n\n\n\n<h4 class=\"wp-block-heading\">Quando o ingresso n\u00e3o \u00e9 gr\u00e1tis, como compr\u00e1-lo?<\/h4>\n\n\n\n<p>Nos dias em que a entrada nos Jardins n\u00e3o \u00e9 gr\u00e1tis h\u00e1 tr\u00eas op\u00e7\u00f5es de ingresso poss\u00edveis<\/p>\n\n\n\n<p>1- <strong>Ingresso somente para acesso aos jardins:<\/strong> que inclui o direito a assistir ao <a href=\"http:\/\/www.chateauversailles.fr\/actualites\/spectacles\/grandes-eaux-jardins-musicaux\">Show das Grandes \u00c1guas Musicais<\/a> ou&nbsp;aos Jardins Musicais.  <\/p>\n\n\n\n<p>2- <strong>Passaporte:<\/strong> que permita o acesso a todo o Dom\u00ednio de Versalhes e, inclusive, os jardins ou qualquer outra combina\u00e7\u00e3o de ingressos vendidos na <a href=\"https:\/\/billetterie.chateauversailles.fr\/index-css5-chateauversailles-lgen-pg1.html\">loja on-line do Pal\u00e1cio de Versailles<\/a>.<\/p>\n\n\n\n<p>3- <strong>Pacote de empresa de turismo<\/strong>: que al\u00e9m de incluir a entrada ao castelo e aos jardins, inclua tamb\u00e9m, por exemplo, transporte de Paris at\u00e9 Versailles como \u00e9 o caso dos pacotes <strong><a href=\"https:\/\/www.pariscityvision.com\/pt\/cityvision_catalogsearch\/result\/?q=versailles&amp;from=&amp;to=&amp;language=28\">oferecidos pela ParisCityVision<\/a><\/strong> <\/p>\n\n\n\n<blockquote class=\"wp-block-quote is-style-large is-layout-flow wp-block-quote-is-layout-flow\"><p>As filas para compra de ingresso no Pal\u00e1cio costumam ser imensas e a pior coisa que voc\u00ea pode fazer \u00e9 j\u00e1 come\u00e7ar o passeio em p\u00e9 na fila, j\u00e1 que provavelmente voc\u00ea vai passar muito tempo depois caminhando pelos jardins.<\/p><cite>Jodelson Sabino, do blog Viver Viajando<\/cite><\/blockquote>\n\n\n\n<p>Para os dias em que a entrada nos jardins \u00e9 paga, \u00e9 altamente recomendado comprar os ingressos antecipadamente no <a href=\"http:\/\/billetterie.chateauversailles.fr\/index-css5-chateauversailles-lgen-pg1.htmlhttp:\/\/billetterie.chateauversailles.fr\/index-css5-chateauversailles-lgen-pg1.html\">site oficial do Pal\u00e1cio de Versailles<\/a>. Os bilhetes s\u00e3o vendidos separadamente por \u00e1reas: S\u00f3 pal\u00e1cio, s\u00f3 jardins ou (Pal\u00e1cio + Jardins).  <\/p>\n\n\n\n<h2 class=\"wp-block-heading\">2- Qual a melhor \u00c9POCA DO ANO para visitar os Jardins de Versailles?<\/h2>\n\n\n\n<div class=\"wp-block-image\"><figure class=\"aligncenter\"><img data-recalc-dims=\"1\" loading=\"lazy\" decoding=\"async\" width=\"782\" height=\"328\" src=\"https:\/\/i0.wp.com\/jodelson.com\/dicasdeviagem\/wp-content\/uploads\/2019\/08\/temperatura-e-precipita%C3%A7%C3%A3o-anual-versailles.png?resize=782%2C328\" alt=\"\" class=\"wp-image-3513\" srcset=\"https:\/\/i0.wp.com\/jodelson.com\/dicasdeviagem\/wp-content\/uploads\/2019\/08\/temperatura-e-precipita%C3%A7%C3%A3o-anual-versailles.png?w=782 782w, https:\/\/i0.wp.com\/jodelson.com\/dicasdeviagem\/wp-content\/uploads\/2019\/08\/temperatura-e-precipita%C3%A7%C3%A3o-anual-versailles.png?resize=300%2C126 300w, https:\/\/i0.wp.com\/jodelson.com\/dicasdeviagem\/wp-content\/uploads\/2019\/08\/temperatura-e-precipita%C3%A7%C3%A3o-anual-versailles.png?resize=768%2C322 768w\" sizes=\"(max-width: 782px) 100vw, 782px\" \/><figcaption>Temperatura m\u00e9dia e \u00edndice de precipita\u00e7\u00e3o mensal em Versailles. Fonte: <a href=\"https:\/\/www.timeanddate.com\/weather\/france\/versailles\/climate\">timeanddate.com<\/a>, capturado em Ago\/2019<\/figcaption><\/figure><\/div>\n\n\n\n<p>A melhor \u00e9poca \u00e9 entre a <strong>primavera <\/strong>e o <strong>ver\u00e3o <\/strong>da Europa, o que compreende aos meses de <strong>abril <\/strong>a <strong>setembro<\/strong>.<\/p>\n\n\n\n<p>Nesta \u00e9poca, a temperatura m\u00e9dia \u00e9 mais alta, variando de 7\u00ba C a 21\u00ba C nos meses extremos do intervalo, i.e. abril e setembro, e mais que isso nos demais meses. O m\u00eas ideal \u00e9 <strong>julho<\/strong>, no qual a temperatura m\u00e9dia \u00e9 maior, variando de 14\u00ba C a 25\u00ba C e com menos chuva (51,7 mm de precipita\u00e7\u00e3o). A \u00e9poca espec\u00edfica de julho deve ser escolhida de acordo com o pre\u00e7o das passagens a\u00e9reas no momento da compra. <\/p>\n\n\n\n<p>Outro atrativo desta \u00e9poca \u00e9 que os Jardins oferecem um espet\u00e1culo \u00e0 parte,  o <a href=\"http:\/\/www.chateauversailles.fr\/actualites\/spectacles\/grandes-eaux-jardins-musicaux\">Show das Grandes \u00c1guas Musicais<\/a>, em que dezenas de fontes distribu\u00eddas pelos Jardins jorram suas \u00e1guas sincronizadas com o ritmo da m\u00fasica do famoso compositor Jean-Baptiste Lully, considerado o mestre do barroco franc\u00eas.<\/p>\n\n\n\n<p>\u00c9 importante notar que o acesso ao Show das Grandes \u00c1guas Musicais \u00e9 gratuito para crian\u00e7as com menos de 6 anos de idade, por\u00e9m, mesmo que voc\u00ea tenha direito a uma entrada gratuita no castelo, ainda assim precisar\u00e1 comprar entrada para estas atra\u00e7\u00f5es.<\/p>\n\n\n\n<p>Al\u00e9m disso, em <strong>algumas noites de s\u00e1bado de ver\u00e3o<\/strong> (i.e. de junho a setembro) h\u00e1 um espet\u00e1culo \u00e0 parte em que este show visual e sonoro das fontes recebe a adi\u00e7\u00e3o de luz colorida, tamb\u00e9m acompanhando o ritmo musical: <a href=\"http:\/\/www.chateauversailles.fr\/grandes-eaux-jardins-musicaux#les-grandes-eaux-nocturnes\">Les Grandes Eaux Nocturnes<\/a> (As Grandes \u00c1guas Noturnas). Este espet\u00e1culo vai at\u00e9 as 22h50 encerrando com um show de fogos de dura\u00e7\u00e3o de 15 minutos.<\/p>\n\n\n\n<p>Clique na imagem abaixo para ver o v\u00eddeo de 58 segundos de dura\u00e7\u00e3o sobre As Grandes \u00c1guas Musicais, dispon\u00edvel no canal oficial do Youtube&nbsp;<a href=\"https:\/\/www.youtube.com\/channel\/UCCNDaS2QyU4SLVJR2iQReYg\">Ch\u00e2teau de Versailles Spectacles<\/a>.<\/p>\n\n\n\n<figure class=\"wp-block-embed-youtube wp-block-embed is-type-video is-provider-youtube wp-embed-aspect-16-9 wp-has-aspect-ratio\"><div class=\"wp-block-embed__wrapper\">\n<iframe width=\"1170\" height=\"658\" src=\"https:\/\/www.youtube.com\/embed\/W6xQCLveb34?feature=oembed\" frameborder=\"0\" allow=\"accelerometer; autoplay; encrypted-media; gyroscope; picture-in-picture\" allowfullscreen><\/iframe>\n<\/div><\/figure>\n\n\n\n<p class=\"has-background has-light-green-cyan-background-color\">Vale notar que os espet\u00e1culos citados acima ocorrem em dias e noites espec\u00edficas. Consulte a agenda dispon\u00edvel na <a href=\"http:\/\/www.chateauversailles.fr\/grandes-eaux-jardins-musicaux#calendrier\"><strong>p\u00e1gina oficial do Pal\u00e1cio de Versailles<\/strong><\/a>\u00a0para fazer coincidir o dia de sua visita com o dia em que ocorrer\u00e1 os espet\u00e1culos desejados.<\/p>\n\n\n\n<h2 class=\"wp-block-heading\">3- Qual \u00e9 o melhor DIA DA SEMANA para visitar os Jardins de Versailles?<\/h2>\n\n\n\n<p>Resposta objetiva: Em um dia em que n\u00e3o esteja chovendo. \ud83d\ude0a<\/p>\n\n\n\n<p>A estrat\u00e9gia de evitar a visita em um dia de chuva \u00e9 um dos mais importantes itens de seu planejamento de visita. A visita aos jardins \u00e9 imperd\u00edvel, mas, certamente, o aproveitamento ser\u00e1 menor se estiver chovendo.<\/p>\n\n\n\n<figure class=\"wp-block-image size-large\"><img data-recalc-dims=\"1\" loading=\"lazy\" decoding=\"async\" width=\"800\" height=\"533\" src=\"https:\/\/i0.wp.com\/jodelson.com\/dicasdeviagem\/wp-content\/uploads\/2020\/04\/dia-da-semana.jpg?resize=800%2C533\" alt=\"\" class=\"wp-image-3589\" srcset=\"https:\/\/i0.wp.com\/jodelson.com\/dicasdeviagem\/wp-content\/uploads\/2020\/04\/dia-da-semana.jpg?w=800 800w, https:\/\/i0.wp.com\/jodelson.com\/dicasdeviagem\/wp-content\/uploads\/2020\/04\/dia-da-semana.jpg?resize=300%2C200 300w, https:\/\/i0.wp.com\/jodelson.com\/dicasdeviagem\/wp-content\/uploads\/2020\/04\/dia-da-semana.jpg?resize=768%2C512 768w\" sizes=\"(max-width: 800px) 100vw, 800px\" \/><figcaption>[Photo by <a href=\"https:\/\/pixabay.com\/users\/webandi-1460261\">Webandi-1460261<\/a>]<\/figcaption><\/figure>\n\n\n\n<p>A melhor estrat\u00e9gia a adotar \u00e9 planejar a sua viagem de modo a deixar algumas op\u00e7\u00f5es de dias para ir a Versailles em sua agenda. Assim voc\u00ea pode acompanhar a previs\u00e3o do tempo, por exemplo, no site <strong><a href=\"http:\/\/www.meteofrance.com\/previsions-meteo-france\/versailles\/78000\">MeteoFrance<\/a><\/strong> e escolher um dia em que n\u00e3o estiver chovendo, pois, os jardins n\u00e3o s\u00e3o cobertos e voc\u00ea provavelmente vai passar horas passeando por eles. Se n\u00e3o tiver jeito, providencie uma capa de chuva ou guarda-chuva (ou os dois) e tenha um cuidado especial com sua m\u00e1quina fotogr\u00e1fica ou celular caso n\u00e3o sejam \u00e0 prova d&#8217;\u00e1gua.<\/p>\n\n\n\n<p class=\"has-background has-light-green-cyan-background-color\">Importante observar que o <strong>Pal\u00e1cio de Versailles<\/strong> n\u00e3o abre \u00e0s segundas-feiras e nem no dia primeiro de maio, portanto, se voc\u00ea pretende visitar os <strong>Jardins e o Pal\u00e1cio<\/strong> em um mesmo dia, n\u00e3o dever\u00e1 escolher estes dias para a sua visita. <\/p>\n\n\n\n<p>Fora isso, at\u00e9 onde sei, Versailles est\u00e1 sempre cheio de visitantes, portanto, n\u00e3o creio que exista um crit\u00e9rio confi\u00e1vel de hor\u00e1rio ou de dia da semana para evitar filas.<\/p>\n\n\n\n<h2 class=\"wp-block-heading\">4- Quais s\u00e3o os dias e hor\u00e1rios em que os Jardins de Versailles ficam abertos?<\/h2>\n\n\n\n<p>Os Jardins abrem todos os dias \u00e0s 8h e fecha \u00e0s 20h30 de abril a outubro e \u00e0s 18h00 de novembro a mar\u00e7o, exceto quando o clima estiver muito hostil como nos casos de vento muito forte ou nevasca. H\u00e1 seis port\u00f5es que d\u00e3o acesso aos Jardins e alguns abrem mais tarde e fecham mais cedo, inclusive variando os hor\u00e1rios de abertura ao longo dos meses do ano. Por exemplo, o port\u00e3o principal fecha \u00e0s 19h de abril a outubro e \u00e0s 17h30 de novembro a mar\u00e7o. <\/p>\n\n\n\n<p>Para quem n\u00e3o leu a resposta da pergunta 3, um detalhe importante \u00e9 que o <strong>Pal\u00e1cio <\/strong>n\u00e3o abre \u00e0s segundas-feiras e nem no dia primeiro de maio, portanto, se voc\u00ea pretende visitar os Jardins e o Pal\u00e1cio no mesmo dia, n\u00e3o poder\u00e1 ir numa segunda-feira e nem no dia primeiro de maio, apesar dos Jardins estarem abertos. Em outras palavras, se quiser ir visitar os Jardins numa segunda-feira ou no dia primeiro de maio dever\u00e1 faz\u00ea-lo ciente de que n\u00e3o ser\u00e1 poss\u00edvel aproveitar para visitar tamb\u00e9m o Pal\u00e1cio.<\/p>\n\n\n\n<h2 class=\"wp-block-heading\">5- Qual a diferen\u00e7a entre o Parque de Versailles e os Jardins de Versailles?<\/h2>\n\n\n\n<p>Os Jardins de Versailles compreendem a \u00e1rea localizada imediatamente atr\u00e1s do Castelo e s\u00e3o constitu\u00eddos de catorze bosques e mais as fontes musicais. \u00c9 uma regi\u00e3o menor que a do Parque.<\/p>\n\n\n\n<div class=\"wp-block-jetpack-slideshow aligncenter\" data-autoplay=\"true\" data-delay=\"3\" data-effect=\"slide\"><div class=\"wp-block-jetpack-slideshow_container swiper-container\"><ul class=\"wp-block-jetpack-slideshow_swiper-wrapper swiper-wrapper\"><li class=\"wp-block-jetpack-slideshow_slide swiper-slide\"><figure><img data-recalc-dims=\"1\" loading=\"lazy\" decoding=\"async\" width=\"1170\" height=\"878\" alt=\"\" class=\"wp-block-jetpack-slideshow_image wp-image-3622\" data-id=\"3622\" src=\"https:\/\/i0.wp.com\/jodelson.com\/dicasdeviagem\/wp-content\/uploads\/2020\/05\/DSC02681.jpg?resize=1170%2C878\" srcset=\"https:\/\/i0.wp.com\/jodelson.com\/dicasdeviagem\/wp-content\/uploads\/2020\/05\/DSC02681.jpg?w=2048 2048w, https:\/\/i0.wp.com\/jodelson.com\/dicasdeviagem\/wp-content\/uploads\/2020\/05\/DSC02681.jpg?resize=300%2C225 300w, https:\/\/i0.wp.com\/jodelson.com\/dicasdeviagem\/wp-content\/uploads\/2020\/05\/DSC02681.jpg?resize=1024%2C768 1024w, https:\/\/i0.wp.com\/jodelson.com\/dicasdeviagem\/wp-content\/uploads\/2020\/05\/DSC02681.jpg?resize=768%2C576 768w, https:\/\/i0.wp.com\/jodelson.com\/dicasdeviagem\/wp-content\/uploads\/2020\/05\/DSC02681.jpg?resize=1536%2C1152 1536w\" sizes=\"(max-width: 1170px) 100vw, 1170px\" \/><figcaption class=\"wp-block-jetpack-slideshow_caption gallery-caption\">Jardins de Versailles e o Parque ao fundo<\/figcaption><\/figure><\/li><li class=\"wp-block-jetpack-slideshow_slide swiper-slide\"><figure><img data-recalc-dims=\"1\" loading=\"lazy\" decoding=\"async\" width=\"1170\" height=\"658\" alt=\"\" class=\"wp-block-jetpack-slideshow_image wp-image-3623\" data-id=\"3623\" src=\"https:\/\/i0.wp.com\/jodelson.com\/dicasdeviagem\/wp-content\/uploads\/2020\/05\/Pal%C3%A1cio-e-Jardinsd-e-Versalhes-scaled.jpg?resize=1170%2C658\" srcset=\"https:\/\/i0.wp.com\/jodelson.com\/dicasdeviagem\/wp-content\/uploads\/2020\/05\/Pal%C3%A1cio-e-Jardinsd-e-Versalhes-scaled.jpg?w=2560 2560w, https:\/\/i0.wp.com\/jodelson.com\/dicasdeviagem\/wp-content\/uploads\/2020\/05\/Pal%C3%A1cio-e-Jardinsd-e-Versalhes-scaled.jpg?resize=300%2C169 300w, https:\/\/i0.wp.com\/jodelson.com\/dicasdeviagem\/wp-content\/uploads\/2020\/05\/Pal%C3%A1cio-e-Jardinsd-e-Versalhes-scaled.jpg?resize=1024%2C576 1024w, https:\/\/i0.wp.com\/jodelson.com\/dicasdeviagem\/wp-content\/uploads\/2020\/05\/Pal%C3%A1cio-e-Jardinsd-e-Versalhes-scaled.jpg?resize=768%2C432 768w, https:\/\/i0.wp.com\/jodelson.com\/dicasdeviagem\/wp-content\/uploads\/2020\/05\/Pal%C3%A1cio-e-Jardinsd-e-Versalhes-scaled.jpg?resize=1536%2C864 1536w, https:\/\/i0.wp.com\/jodelson.com\/dicasdeviagem\/wp-content\/uploads\/2020\/05\/Pal%C3%A1cio-e-Jardinsd-e-Versalhes-scaled.jpg?resize=2048%2C1152 2048w, https:\/\/i0.wp.com\/jodelson.com\/dicasdeviagem\/wp-content\/uploads\/2020\/05\/Pal%C3%A1cio-e-Jardinsd-e-Versalhes-scaled.jpg?w=2340 2340w\" sizes=\"(max-width: 1170px) 100vw, 1170px\" \/><figcaption class=\"wp-block-jetpack-slideshow_caption gallery-caption\">Jardins de Versailles e o Pal\u00e1cio ao fundo<\/figcaption><\/figure><\/li><\/ul><a class=\"wp-block-jetpack-slideshow_button-prev swiper-button-prev swiper-button-white\" role=\"button\"><\/a><a class=\"wp-block-jetpack-slideshow_button-next swiper-button-next swiper-button-white\" role=\"button\"><\/a><a aria-label=\"Pause Slideshow\" class=\"wp-block-jetpack-slideshow_button-pause\" role=\"button\"><\/a><div class=\"wp-block-jetpack-slideshow_pagination swiper-pagination swiper-pagination-white\"><\/div><\/div><\/div>\n\n\n\n<p>O Parque de Versailles, por sua vez, fica localizado depois dos Jardins e \u00e9 constitu\u00eddo da regi\u00e3o ao redor do Grande Canal. <\/p>\n\n\n\n<p>Na <a href=\"http:\/\/www.chateauversailles.fr\/resources\/pdf\/en\/plans\/plan_general_en.pdf\"><strong>Planta Geral da Propriedade de Versailles<\/strong><\/a>, distribu\u00edda pelo <a href=\"http:\/\/en.chateauversailles.fr\/\"><strong>site oficial do Castelo de Versailles<\/strong><\/a>, voc\u00ea pode ver claramente as indica\u00e7\u00f5es das \u00e1reas do Castelo, dos Jardins e do Parque. Depois de baixar essa planta, procure os locais indicados como PARK e GARDENS (AND GROVES) e ficar\u00e1 clara a diferen\u00e7a. <\/p>\n\n\n\n<p class=\"has-background has-light-green-cyan-background-color\">DICA: Aproveite para dedicar alguns minutos para ler a legenda e consultar o restante na <a href=\"http:\/\/www.chateauversailles.fr\/resources\/pdf\/en\/plans\/plan_general_en.pdf\">Planta Geral<\/a>. Assim voc\u00ea ter\u00e1 uma ideia mais clara da extens\u00e3o e da localiza\u00e7\u00e3o dos pontos mais importantes para incluir no planejamento de sua visita.<\/p>\n\n\n\n<h2 class=\"wp-block-heading\">6- Quanto tempo devo reservar para a visita aos  Jardins de Versailles e qual \u00e9 o melhor hor\u00e1rio do dia para visita-los?<\/h2>\n\n\n\n<figure class=\"wp-block-image size-large\"><img data-recalc-dims=\"1\" loading=\"lazy\" decoding=\"async\" width=\"800\" height=\"530\" src=\"https:\/\/i0.wp.com\/jodelson.com\/dicasdeviagem\/wp-content\/uploads\/2020\/04\/hor%C3%A1rio.jpg?resize=800%2C530\" alt=\"\" class=\"wp-image-3590\" srcset=\"https:\/\/i0.wp.com\/jodelson.com\/dicasdeviagem\/wp-content\/uploads\/2020\/04\/hor%C3%A1rio.jpg?w=800 800w, https:\/\/i0.wp.com\/jodelson.com\/dicasdeviagem\/wp-content\/uploads\/2020\/04\/hor%C3%A1rio.jpg?resize=300%2C199 300w, https:\/\/i0.wp.com\/jodelson.com\/dicasdeviagem\/wp-content\/uploads\/2020\/04\/hor%C3%A1rio.jpg?resize=768%2C509 768w\" sizes=\"(max-width: 800px) 100vw, 800px\" \/><figcaption>[Photo by <a href=\"https:\/\/www.pexels.com\/@skitterphoto\">Skitterphoto<\/a>]<\/figcaption><\/figure>\n\n\n\n<p>Se voc\u00ea estiver hospedado em Paris levar\u00e1 cerca de uma hora para ir e uma hora para voltar a Versailles. Somando a isto a imensid\u00e3o dos jardins e a possibilidade de aproveitar para visitar tamb\u00e9m o Castelo de Versailles \u00e9 f\u00e1cil concluir que \u00e9 preciso reservar, no m\u00ednimo, um dia para a visita. No entanto, quem gosta de fazer a visita com mais calma deve considerar a hip\u00f3tese de reservar dois dias: um para o castelo e um para os jardins.<\/p>\n\n\n\n<p class=\"has-background has-light-green-cyan-background-color\">DICA: Para maiores detalhes sobre o deslocamento entre Paris e Versailles refira-se a um ao outro artigo deste blog sobre&nbsp;<strong><a href=\"http:\/\/jodelson.com\/dicasdeviagem\/como-ir-de-paris-a-versailles\/\">COMO IR de Paris a Versailles.<\/a><\/strong><\/p>\n\n\n\n<p>No caso de voc\u00ea dispor de apenas um dia para visitar o Pal\u00e1cio e os Jardins, o primeiro crit\u00e9rio de escolha de qual dos dois visitar primeiro deve ser a previs\u00e3o do tempo pois como os Jardins s\u00e3o a c\u00e9u aberto, \u00e9 bom visit\u00e1-lo  no per\u00edodo do dia com menos chances de chuva. Caso se trate de um dias ensolarado de ver\u00e3o e sem previs\u00e3o de chuva, acho melhor visitar os Jardins pela manh\u00e3 e deixar o Pal\u00e1cio para visitar \u00e0 tarde. Assim voc\u00ea evita o calor da tarde e o tumulto que costuma ser o Pal\u00e1cio de manh\u00e3. Se for um dia de inverno talvez valha a pena deixar os jardins para visitar \u00e0 tarde porque provavelmente vai estar menos frio.<\/p>\n\n\n\n<hr class=\"wp-block-separator\"\/>\n\n\n\n<p class=\"has-background has-light-green-cyan-background-color\">As perguntas e respostas acima cont\u00e9m informa\u00e7\u00f5es necess\u00e1rias para quem est\u00e1 planejando sua visita aos Parques e Jardins de Versailles. Se voc\u00ea tiver alguma dica que considere importante para o planejamento de uma visita a este local que n\u00e3o foi mencionada aqui, por favor me envie atrav\u00e9s da p\u00e1gina <a href=\"http:\/\/jodelson.com\/dicasdeviagem\/fale-comigo\/\"><strong>fale comigo<\/strong><\/a>\u00a0e voc\u00ea ter\u00e1 a chance de ver sua dica publicada neste <em>blog <\/em>(acompanhada dos devidos cr\u00e9ditos) e assim estar\u00e1 contribuindo para tornar este artigo cada vez mais \u00fatil para os pr\u00f3ximos que o ler\u00e3o, assim como, espero, tenha sido \u00fatil para voc\u00ea.<\/p>\n\n\n\n<hr class=\"wp-block-separator\"\/>\n\n\n\n<p><span style=\"font-size: 8pt;\"><strong>Cr\u00e9ditos das fotos deste artigo:<\/strong> A foto de Jaise Paes nos Jardins de Versailles \u00e9 de Ja\u00edse Paes, tem todos os direitos reservados e foi publicada nesse blog com autoriza\u00e7\u00e3o por escrito recebida em 7\/6\/2015. A foto da vista a\u00e9rea de Versailles \u00e9 de ToucanWings, tirada em 20\/8\/2014 [<a href=\"http:\/\/creativecommons.org\/licenses\/by\/2.0\">CC BY 2.0<\/a>]. A foto da Est\u00e1tua de Joana D&#8217;Arc, em Paris \u00e9 de John Trainor [<a href=\"http:\/\/creativecommons.org\/licenses\/by\/2.0\">CC BY 2.0<\/a>], <a href=\"https:\/\/commons.wikimedia.org\/wiki\/File%3AStatue_of_Jeanne_d'Arc_in_Paris%2C_Rue_de_Rivoli_2008.jpg\">via Wikimedia Commons<\/a><\/span><\/p>\n","protected":false},"excerpt":{"rendered":"<p>O foco deste artigo \u00e9 esclarecer as principais d\u00favidas que voc\u00ea poder\u00e1 ter sobre OS JARDINS do Pal\u00e1cio de Versailles quando estiver PLANEJANDO sua visita. O artigo foi redigido em t\u00f3picos com t\u00edtulos destacados no estilo perguntas-e-respostas, de modo que voc\u00ea pode ir direto aos t\u00edtulos referentes \u00e0s quest\u00f5es que mais lhe interessam. <\/p>\n","protected":false},"author":1,"featured_media":3211,"comment_status":"open","ping_status":"open","sticky":false,"template":"","format":"standard","meta":{"_bos_mb_destination":[""],"_jetpack_memberships_contains_paid_content":false,"footnotes":"","jetpack_publicize_message":"","jetpack_publicize_feature_enabled":true,"jetpack_social_post_already_shared":true,"jetpack_social_options":{"image_generator_settings":{"template":"highway","default_image_id":0,"font":"","enabled":false},"version":2}},"categories":[15],"tags":[50,70,49],"class_list":{"0":"post-452","1":"post","2":"type-post","3":"status-publish","4":"format-standard","5":"has-post-thumbnail","7":"category-franca","8":"tag-como-ir","9":"tag-como-planejar","10":"tag-o-que-fazer","11":"czr-hentry"},"yoast_head":"<!-- This site is optimized with the Yoast SEO plugin v27.2 - https:\/\/yoast.com\/product\/yoast-seo-wordpress\/ -->\n<title>6 dicas para sua visita aos Jardins de Versalhes - VIVER VIAJANDO<\/title>\n<meta name=\"robots\" content=\"index, follow, max-snippet:-1, max-image-preview:large, max-video-preview:-1\" \/>\n<link rel=\"canonical\" href=\"https:\/\/jodelson.com\/dicasdeviagem\/como-visitar-os-jardins-de-versailles\/\" \/>\n<meta property=\"og:locale\" content=\"pt_BR\" \/>\n<meta property=\"og:type\" content=\"article\" \/>\n<meta property=\"og:title\" content=\"6 dicas para sua visita aos Jardins de Versalhes - VIVER VIAJANDO\" \/>\n<meta property=\"og:description\" content=\"O foco deste artigo \u00e9 esclarecer as principais d\u00favidas que voc\u00ea poder\u00e1 ter sobre OS JARDINS do Pal\u00e1cio de Versailles quando estiver PLANEJANDO sua visita. O artigo foi redigido em t\u00f3picos com t\u00edtulos destacados no estilo perguntas-e-respostas, de modo que voc\u00ea pode ir direto aos t\u00edtulos referentes \u00e0s quest\u00f5es que mais lhe interessam.\" \/>\n<meta property=\"og:url\" content=\"https:\/\/jodelson.com\/dicasdeviagem\/como-visitar-os-jardins-de-versailles\/\" \/>\n<meta property=\"og:site_name\" content=\"VIVER VIAJANDO\" \/>\n<meta property=\"article:publisher\" content=\"https:\/\/www.facebook.com\/ddviagem\" \/>\n<meta property=\"article:published_time\" content=\"2020-05-02T17:31:41+00:00\" \/>\n<meta property=\"article:modified_time\" content=\"2020-05-02T17:31:44+00:00\" \/>\n<meta property=\"og:image\" content=\"https:\/\/i0.wp.com\/jodelson.com\/dicasdeviagem\/wp-content\/uploads\/2017\/07\/Jardisn-de-Versailles_1x1.jpg?fit=1543%2C1543&ssl=1\" \/>\n\t<meta property=\"og:image:width\" content=\"1543\" \/>\n\t<meta property=\"og:image:height\" content=\"1543\" \/>\n\t<meta property=\"og:image:type\" content=\"image\/jpeg\" \/>\n<meta name=\"author\" content=\"jodelson\" \/>\n<meta name=\"twitter:label1\" content=\"Escrito por\" \/>\n\t<meta name=\"twitter:data1\" content=\"jodelson\" \/>\n\t<meta name=\"twitter:label2\" content=\"Est. tempo de leitura\" \/>\n\t<meta name=\"twitter:data2\" content=\"11 minutos\" \/>\n<script type=\"application\/ld+json\" class=\"yoast-schema-graph\">{\"@context\":\"https:\/\/schema.org\",\"@graph\":[{\"@type\":\"Article\",\"@id\":\"https:\/\/jodelson.com\/dicasdeviagem\/como-visitar-os-jardins-de-versailles\/#article\",\"isPartOf\":{\"@id\":\"https:\/\/jodelson.com\/dicasdeviagem\/como-visitar-os-jardins-de-versailles\/\"},\"author\":{\"name\":\"jodelson\",\"@id\":\"http:\/\/jodelson.com\/dicasdeviagem\/#\/schema\/person\/8830c7078720e27e9067b8357396837a\"},\"headline\":\"6 dicas para sua visita aos Jardins de Versalhes\",\"datePublished\":\"2020-05-02T17:31:41+00:00\",\"dateModified\":\"2020-05-02T17:31:44+00:00\",\"mainEntityOfPage\":{\"@id\":\"https:\/\/jodelson.com\/dicasdeviagem\/como-visitar-os-jardins-de-versailles\/\"},\"wordCount\":2295,\"commentCount\":0,\"image\":{\"@id\":\"https:\/\/jodelson.com\/dicasdeviagem\/como-visitar-os-jardins-de-versailles\/#primaryimage\"},\"thumbnailUrl\":\"https:\/\/i0.wp.com\/jodelson.com\/dicasdeviagem\/wp-content\/uploads\/2017\/07\/Jardisn-de-Versailles_1x1.jpg?fit=1543%2C1543\",\"keywords\":[\"como ir\",\"como planejar\",\"o que fazer\"],\"articleSection\":[\"Fran\u00e7a\"],\"inLanguage\":\"pt-BR\",\"potentialAction\":[{\"@type\":\"CommentAction\",\"name\":\"Comment\",\"target\":[\"https:\/\/jodelson.com\/dicasdeviagem\/como-visitar-os-jardins-de-versailles\/#respond\"]}]},{\"@type\":\"WebPage\",\"@id\":\"https:\/\/jodelson.com\/dicasdeviagem\/como-visitar-os-jardins-de-versailles\/\",\"url\":\"https:\/\/jodelson.com\/dicasdeviagem\/como-visitar-os-jardins-de-versailles\/\",\"name\":\"6 dicas para sua visita aos Jardins de Versalhes - VIVER VIAJANDO\",\"isPartOf\":{\"@id\":\"http:\/\/jodelson.com\/dicasdeviagem\/#website\"},\"primaryImageOfPage\":{\"@id\":\"https:\/\/jodelson.com\/dicasdeviagem\/como-visitar-os-jardins-de-versailles\/#primaryimage\"},\"image\":{\"@id\":\"https:\/\/jodelson.com\/dicasdeviagem\/como-visitar-os-jardins-de-versailles\/#primaryimage\"},\"thumbnailUrl\":\"https:\/\/i0.wp.com\/jodelson.com\/dicasdeviagem\/wp-content\/uploads\/2017\/07\/Jardisn-de-Versailles_1x1.jpg?fit=1543%2C1543\",\"datePublished\":\"2020-05-02T17:31:41+00:00\",\"dateModified\":\"2020-05-02T17:31:44+00:00\",\"author\":{\"@id\":\"http:\/\/jodelson.com\/dicasdeviagem\/#\/schema\/person\/8830c7078720e27e9067b8357396837a\"},\"breadcrumb\":{\"@id\":\"https:\/\/jodelson.com\/dicasdeviagem\/como-visitar-os-jardins-de-versailles\/#breadcrumb\"},\"inLanguage\":\"pt-BR\",\"potentialAction\":[{\"@type\":\"ReadAction\",\"target\":[\"https:\/\/jodelson.com\/dicasdeviagem\/como-visitar-os-jardins-de-versailles\/\"]}]},{\"@type\":\"ImageObject\",\"inLanguage\":\"pt-BR\",\"@id\":\"https:\/\/jodelson.com\/dicasdeviagem\/como-visitar-os-jardins-de-versailles\/#primaryimage\",\"url\":\"https:\/\/i0.wp.com\/jodelson.com\/dicasdeviagem\/wp-content\/uploads\/2017\/07\/Jardisn-de-Versailles_1x1.jpg?fit=1543%2C1543\",\"contentUrl\":\"https:\/\/i0.wp.com\/jodelson.com\/dicasdeviagem\/wp-content\/uploads\/2017\/07\/Jardisn-de-Versailles_1x1.jpg?fit=1543%2C1543\",\"width\":1543,\"height\":1543,\"caption\":\"Jardins de Versailles\"},{\"@type\":\"BreadcrumbList\",\"@id\":\"https:\/\/jodelson.com\/dicasdeviagem\/como-visitar-os-jardins-de-versailles\/#breadcrumb\",\"itemListElement\":[{\"@type\":\"ListItem\",\"position\":1,\"name\":\"In\u00edcio\",\"item\":\"http:\/\/jodelson.com\/dicasdeviagem\/\"},{\"@type\":\"ListItem\",\"position\":2,\"name\":\"6 dicas para sua visita aos Jardins de Versalhes\"}]},{\"@type\":\"WebSite\",\"@id\":\"http:\/\/jodelson.com\/dicasdeviagem\/#website\",\"url\":\"http:\/\/jodelson.com\/dicasdeviagem\/\",\"name\":\"VIVER VIAJANDO\",\"description\":\"Aqui compartilho minhas melhores fotos, experi\u00eancias e dicas de viagem\",\"potentialAction\":[{\"@type\":\"SearchAction\",\"target\":{\"@type\":\"EntryPoint\",\"urlTemplate\":\"http:\/\/jodelson.com\/dicasdeviagem\/?s={search_term_string}\"},\"query-input\":{\"@type\":\"PropertyValueSpecification\",\"valueRequired\":true,\"valueName\":\"search_term_string\"}}],\"inLanguage\":\"pt-BR\"},{\"@type\":\"Person\",\"@id\":\"http:\/\/jodelson.com\/dicasdeviagem\/#\/schema\/person\/8830c7078720e27e9067b8357396837a\",\"name\":\"jodelson\",\"image\":{\"@type\":\"ImageObject\",\"inLanguage\":\"pt-BR\",\"@id\":\"https:\/\/secure.gravatar.com\/avatar\/82765a8848b1993c31c1455c81c3c28d0201e013e9404b80647aa1870b9caa97?s=96&d=mm&r=g\",\"url\":\"https:\/\/secure.gravatar.com\/avatar\/82765a8848b1993c31c1455c81c3c28d0201e013e9404b80647aa1870b9caa97?s=96&d=mm&r=g\",\"contentUrl\":\"https:\/\/secure.gravatar.com\/avatar\/82765a8848b1993c31c1455c81c3c28d0201e013e9404b80647aa1870b9caa97?s=96&d=mm&r=g\",\"caption\":\"jodelson\"},\"description\":\"Jodelson Sabino \u00e9 Bacharel em Matem\u00e1tica, Mestre em Inform\u00e1tica e Doutor em Engenharia de Produ\u00e7\u00e3o. Desenvolve pesquisas na \u00e1rea de otimiza\u00e7\u00e3o aplicada a sistemas de transporte e log\u00edstica. Trabalha h\u00e1 mais de 25 anos com tecnologia da Informa\u00e7\u00e3o gerenciando projetos de grande porte.\",\"sameAs\":[\"http:\/\/www.jodelson.com\"],\"url\":\"http:\/\/jodelson.com\/dicasdeviagem\/author\/jodelson\/\"}]}<\/script>\n<!-- \/ Yoast SEO plugin. -->","yoast_head_json":{"title":"6 dicas para sua visita aos Jardins de Versalhes - VIVER VIAJANDO","robots":{"index":"index","follow":"follow","max-snippet":"max-snippet:-1","max-image-preview":"max-image-preview:large","max-video-preview":"max-video-preview:-1"},"canonical":"https:\/\/jodelson.com\/dicasdeviagem\/como-visitar-os-jardins-de-versailles\/","og_locale":"pt_BR","og_type":"article","og_title":"6 dicas para sua visita aos Jardins de Versalhes - VIVER VIAJANDO","og_description":"O foco deste artigo \u00e9 esclarecer as principais d\u00favidas que voc\u00ea poder\u00e1 ter sobre OS JARDINS do Pal\u00e1cio de Versailles quando estiver PLANEJANDO sua visita. O artigo foi redigido em t\u00f3picos com t\u00edtulos destacados no estilo perguntas-e-respostas, de modo que voc\u00ea pode ir direto aos t\u00edtulos referentes \u00e0s quest\u00f5es que mais lhe interessam.","og_url":"https:\/\/jodelson.com\/dicasdeviagem\/como-visitar-os-jardins-de-versailles\/","og_site_name":"VIVER VIAJANDO","article_publisher":"https:\/\/www.facebook.com\/ddviagem","article_published_time":"2020-05-02T17:31:41+00:00","article_modified_time":"2020-05-02T17:31:44+00:00","og_image":[{"width":1543,"height":1543,"url":"https:\/\/i0.wp.com\/jodelson.com\/dicasdeviagem\/wp-content\/uploads\/2017\/07\/Jardisn-de-Versailles_1x1.jpg?fit=1543%2C1543&ssl=1","type":"image\/jpeg"}],"author":"jodelson","twitter_misc":{"Escrito por":"jodelson","Est. tempo de leitura":"11 minutos"},"schema":{"@context":"https:\/\/schema.org","@graph":[{"@type":"Article","@id":"https:\/\/jodelson.com\/dicasdeviagem\/como-visitar-os-jardins-de-versailles\/#article","isPartOf":{"@id":"https:\/\/jodelson.com\/dicasdeviagem\/como-visitar-os-jardins-de-versailles\/"},"author":{"name":"jodelson","@id":"http:\/\/jodelson.com\/dicasdeviagem\/#\/schema\/person\/8830c7078720e27e9067b8357396837a"},"headline":"6 dicas para sua visita aos Jardins de Versalhes","datePublished":"2020-05-02T17:31:41+00:00","dateModified":"2020-05-02T17:31:44+00:00","mainEntityOfPage":{"@id":"https:\/\/jodelson.com\/dicasdeviagem\/como-visitar-os-jardins-de-versailles\/"},"wordCount":2295,"commentCount":0,"image":{"@id":"https:\/\/jodelson.com\/dicasdeviagem\/como-visitar-os-jardins-de-versailles\/#primaryimage"},"thumbnailUrl":"https:\/\/i0.wp.com\/jodelson.com\/dicasdeviagem\/wp-content\/uploads\/2017\/07\/Jardisn-de-Versailles_1x1.jpg?fit=1543%2C1543","keywords":["como ir","como planejar","o que fazer"],"articleSection":["Fran\u00e7a"],"inLanguage":"pt-BR","potentialAction":[{"@type":"CommentAction","name":"Comment","target":["https:\/\/jodelson.com\/dicasdeviagem\/como-visitar-os-jardins-de-versailles\/#respond"]}]},{"@type":"WebPage","@id":"https:\/\/jodelson.com\/dicasdeviagem\/como-visitar-os-jardins-de-versailles\/","url":"https:\/\/jodelson.com\/dicasdeviagem\/como-visitar-os-jardins-de-versailles\/","name":"6 dicas para sua visita aos Jardins de Versalhes - VIVER VIAJANDO","isPartOf":{"@id":"http:\/\/jodelson.com\/dicasdeviagem\/#website"},"primaryImageOfPage":{"@id":"https:\/\/jodelson.com\/dicasdeviagem\/como-visitar-os-jardins-de-versailles\/#primaryimage"},"image":{"@id":"https:\/\/jodelson.com\/dicasdeviagem\/como-visitar-os-jardins-de-versailles\/#primaryimage"},"thumbnailUrl":"https:\/\/i0.wp.com\/jodelson.com\/dicasdeviagem\/wp-content\/uploads\/2017\/07\/Jardisn-de-Versailles_1x1.jpg?fit=1543%2C1543","datePublished":"2020-05-02T17:31:41+00:00","dateModified":"2020-05-02T17:31:44+00:00","author":{"@id":"http:\/\/jodelson.com\/dicasdeviagem\/#\/schema\/person\/8830c7078720e27e9067b8357396837a"},"breadcrumb":{"@id":"https:\/\/jodelson.com\/dicasdeviagem\/como-visitar-os-jardins-de-versailles\/#breadcrumb"},"inLanguage":"pt-BR","potentialAction":[{"@type":"ReadAction","target":["https:\/\/jodelson.com\/dicasdeviagem\/como-visitar-os-jardins-de-versailles\/"]}]},{"@type":"ImageObject","inLanguage":"pt-BR","@id":"https:\/\/jodelson.com\/dicasdeviagem\/como-visitar-os-jardins-de-versailles\/#primaryimage","url":"https:\/\/i0.wp.com\/jodelson.com\/dicasdeviagem\/wp-content\/uploads\/2017\/07\/Jardisn-de-Versailles_1x1.jpg?fit=1543%2C1543","contentUrl":"https:\/\/i0.wp.com\/jodelson.com\/dicasdeviagem\/wp-content\/uploads\/2017\/07\/Jardisn-de-Versailles_1x1.jpg?fit=1543%2C1543","width":1543,"height":1543,"caption":"Jardins de Versailles"},{"@type":"BreadcrumbList","@id":"https:\/\/jodelson.com\/dicasdeviagem\/como-visitar-os-jardins-de-versailles\/#breadcrumb","itemListElement":[{"@type":"ListItem","position":1,"name":"In\u00edcio","item":"http:\/\/jodelson.com\/dicasdeviagem\/"},{"@type":"ListItem","position":2,"name":"6 dicas para sua visita aos Jardins de Versalhes"}]},{"@type":"WebSite","@id":"http:\/\/jodelson.com\/dicasdeviagem\/#website","url":"http:\/\/jodelson.com\/dicasdeviagem\/","name":"VIVER VIAJANDO","description":"Aqui compartilho minhas melhores fotos, experi\u00eancias e dicas de viagem","potentialAction":[{"@type":"SearchAction","target":{"@type":"EntryPoint","urlTemplate":"http:\/\/jodelson.com\/dicasdeviagem\/?s={search_term_string}"},"query-input":{"@type":"PropertyValueSpecification","valueRequired":true,"valueName":"search_term_string"}}],"inLanguage":"pt-BR"},{"@type":"Person","@id":"http:\/\/jodelson.com\/dicasdeviagem\/#\/schema\/person\/8830c7078720e27e9067b8357396837a","name":"jodelson","image":{"@type":"ImageObject","inLanguage":"pt-BR","@id":"https:\/\/secure.gravatar.com\/avatar\/82765a8848b1993c31c1455c81c3c28d0201e013e9404b80647aa1870b9caa97?s=96&d=mm&r=g","url":"https:\/\/secure.gravatar.com\/avatar\/82765a8848b1993c31c1455c81c3c28d0201e013e9404b80647aa1870b9caa97?s=96&d=mm&r=g","contentUrl":"https:\/\/secure.gravatar.com\/avatar\/82765a8848b1993c31c1455c81c3c28d0201e013e9404b80647aa1870b9caa97?s=96&d=mm&r=g","caption":"jodelson"},"description":"Jodelson Sabino \u00e9 Bacharel em Matem\u00e1tica, Mestre em Inform\u00e1tica e Doutor em Engenharia de Produ\u00e7\u00e3o. Desenvolve pesquisas na \u00e1rea de otimiza\u00e7\u00e3o aplicada a sistemas de transporte e log\u00edstica. Trabalha h\u00e1 mais de 25 anos com tecnologia da Informa\u00e7\u00e3o gerenciando projetos de grande porte.","sameAs":["http:\/\/www.jodelson.com"],"url":"http:\/\/jodelson.com\/dicasdeviagem\/author\/jodelson\/"}]}},"jetpack_publicize_connections":[],"jetpack_featured_media_url":"https:\/\/i0.wp.com\/jodelson.com\/dicasdeviagem\/wp-content\/uploads\/2017\/07\/Jardisn-de-Versailles_1x1.jpg?fit=1543%2C1543","jetpack_sharing_enabled":true,"jetpack-related-posts":[{"id":3471,"url":"http:\/\/jodelson.com\/dicasdeviagem\/versailles-conheca-a-historia-primeiro\/","url_meta":{"origin":452,"position":0},"title":"Versailles &#8211; conhe\u00e7a a hist\u00f3ria primeiro","author":"jodelson","date":"02\/06\/2019","format":false,"excerpt":"Vista dos jardins e parque de Versailles a partir da janela central do Sal\u00e3o dos Espelhos Acredite: Mesmo que hist\u00f3ria n\u00e3o tenha sido uma de suas mat\u00e9rias preferidas na escola, vale a pena conhecer algumas informa\u00e7\u00f5es b\u00e1sicas sobre o Castelo e os Jardins de Versailles antes de visit\u00e1-los pela primeira\u2026","rel":"","context":"Em &quot;Europa&quot;","block_context":{"text":"Europa","link":"http:\/\/jodelson.com\/dicasdeviagem\/category\/europa\/"},"img":{"alt_text":"","src":"https:\/\/i0.wp.com\/jodelson.com\/dicasdeviagem\/wp-content\/uploads\/2019\/05\/1024px-Parc_du_Ch%C3%A2teau_de_Versailles_-_Les_Jardins.jpg?fit=1024%2C619&resize=350%2C200","width":350,"height":200,"srcset":"https:\/\/i0.wp.com\/jodelson.com\/dicasdeviagem\/wp-content\/uploads\/2019\/05\/1024px-Parc_du_Ch%C3%A2teau_de_Versailles_-_Les_Jardins.jpg?fit=1024%2C619&resize=350%2C200 1x, https:\/\/i0.wp.com\/jodelson.com\/dicasdeviagem\/wp-content\/uploads\/2019\/05\/1024px-Parc_du_Ch%C3%A2teau_de_Versailles_-_Les_Jardins.jpg?fit=1024%2C619&resize=525%2C300 1.5x, https:\/\/i0.wp.com\/jodelson.com\/dicasdeviagem\/wp-content\/uploads\/2019\/05\/1024px-Parc_du_Ch%C3%A2teau_de_Versailles_-_Les_Jardins.jpg?fit=1024%2C619&resize=700%2C400 2x"},"classes":[]},{"id":86,"url":"http:\/\/jodelson.com\/dicasdeviagem\/como-ir-de-paris-a-versailles\/","url_meta":{"origin":452,"position":1},"title":"Como ir de Paris a Versailles","author":"jodelson","date":"20\/03\/2010","format":false,"excerpt":"Castelo de Versailles O Pal\u00e1cio de Versailles e seus magn\u00edficos jardins barrocos \u00e9 um destino muito popular de viagens de um dia a partir de Paris. Ir de Paris a Versalhes \u00e9 muito f\u00e1cil, especialmente quando se utiliza um trem RER (R\u00e9seau Express R\u00e9gional) que \u00e9 uma rede de trens\u2026","rel":"","context":"Em &quot;Europa&quot;","block_context":{"text":"Europa","link":"http:\/\/jodelson.com\/dicasdeviagem\/category\/europa\/"},"img":{"alt_text":"Trem RER \u00a9 Paris Tourist Office - Fot\u00f3grafo Am\u00e9lie Dupont","src":"https:\/\/i0.wp.com\/jodelson.com\/dicasdeviagem\/wp-content\/uploads\/2010\/03\/Trem-RER-%C2%A9-Paris-Tourist-Office-Fot%C3%B3grafo-Am%C3%A9lie-Dupont.jpg?resize=350%2C200","width":350,"height":200},"classes":[]},{"id":2363,"url":"http:\/\/jodelson.com\/dicasdeviagem\/como-visitar-paris-gastando-pouco-e-sem-entrar-nas-filas\/","url_meta":{"origin":452,"position":2},"title":"Como visitar Paris gastando pouco e sem entrar nas filas","author":"jodelson","date":"12\/07\/2015","format":false,"excerpt":"Essa dica de como visitar Paris gastando pouco eu consegui com meus amigos Ana Marina e \u00a0Sabrina Rosa, que usaram esse passe em uma viagem a Paris em companhia de seus maridos e me contaram a experi\u00eancia deles, quando retornaram. Se voc\u00ea est\u00e1 planejamento uma viagem a Paris e gosta\u2026","rel":"","context":"Em &quot;Europa&quot;","block_context":{"text":"Europa","link":"http:\/\/jodelson.com\/dicasdeviagem\/category\/europa\/"},"img":{"alt_text":"Paris Museum Pass","src":"https:\/\/i0.wp.com\/jodelson.com\/dicasdeviagem\/wp-content\/uploads\/2015\/07\/paris_museum_pass.jpg?resize=350%2C200","width":350,"height":200,"srcset":"https:\/\/i0.wp.com\/jodelson.com\/dicasdeviagem\/wp-content\/uploads\/2015\/07\/paris_museum_pass.jpg?resize=350%2C200 1x, https:\/\/i0.wp.com\/jodelson.com\/dicasdeviagem\/wp-content\/uploads\/2015\/07\/paris_museum_pass.jpg?resize=525%2C300 1.5x"},"classes":[]},{"id":9,"url":"http:\/\/jodelson.com\/dicasdeviagem\/dicas-oficiais-fornecidas-pelas-proprias-cidades\/","url_meta":{"origin":452,"position":3},"title":"Como conseguir guias de viagem, mapas, aplicativos &#8230;. tudo gr\u00e1tis!","author":"jodelson","date":"26\/12\/2009","format":false,"excerpt":"Acredite: nem sempre voc\u00ea n\u00e3o precisa gastar dinheiro nas livrarias para ter um bom material sobre os locais que vai visitar. Neste artigo\u00a0voc\u00ea vai encontrar dicas de como obter\u00a0material gr\u00e1tis, atualizado e de boa qualidade sobre os destinos de\u00a0sua viagem. Existem muitas op\u00e7\u00f5es de\u00a0p\u00e1ginas da internet, aplicativos, mapas e at\u00e9\u2026","rel":"","context":"Em &quot;Europa&quot;","block_context":{"text":"Europa","link":"http:\/\/jodelson.com\/dicasdeviagem\/category\/europa\/"},"img":{"alt_text":"mapa-camera-bussola","src":"https:\/\/i0.wp.com\/jodelson.com\/dicasdeviagem\/wp-content\/uploads\/2009\/12\/mapa-camera-bussola.jpg?resize=350%2C200","width":350,"height":200,"srcset":"https:\/\/i0.wp.com\/jodelson.com\/dicasdeviagem\/wp-content\/uploads\/2009\/12\/mapa-camera-bussola.jpg?resize=350%2C200 1x, https:\/\/i0.wp.com\/jodelson.com\/dicasdeviagem\/wp-content\/uploads\/2009\/12\/mapa-camera-bussola.jpg?resize=525%2C300 1.5x, https:\/\/i0.wp.com\/jodelson.com\/dicasdeviagem\/wp-content\/uploads\/2009\/12\/mapa-camera-bussola.jpg?resize=700%2C400 2x, https:\/\/i0.wp.com\/jodelson.com\/dicasdeviagem\/wp-content\/uploads\/2009\/12\/mapa-camera-bussola.jpg?resize=1050%2C600 3x"},"classes":[]},{"id":2356,"url":"http:\/\/jodelson.com\/dicasdeviagem\/roteiro-de-6-dias-em-paris\/","url_meta":{"origin":452,"position":4},"title":"Roteiro de 6 dias em Paris","author":"jodelson","date":"12\/07\/2015","format":false,"excerpt":"Arco do Triunfo Em outro artigo desse blog eu falo de um passe que possibilita visitar Paris gastando pouco e sem precisar entrar na fila do caixa para comprar o ingresso para as atra\u00e7\u00f5es. Esse artigo apresenta um roteiro de 6 dias de visita a Paris realizado, na pr\u00e1tica, pelos\u2026","rel":"","context":"Em &quot;Europa&quot;","block_context":{"text":"Europa","link":"http:\/\/jodelson.com\/dicasdeviagem\/category\/europa\/"},"img":{"alt_text":"Museu do Louvre","src":"https:\/\/i0.wp.com\/jodelson.com\/dicasdeviagem\/wp-content\/uploads\/2010\/01\/Mus%C3%A9e-du-Louvre.jpg?fit=640%2C426&resize=350%2C200","width":350,"height":200,"srcset":"https:\/\/i0.wp.com\/jodelson.com\/dicasdeviagem\/wp-content\/uploads\/2010\/01\/Mus%C3%A9e-du-Louvre.jpg?fit=640%2C426&resize=350%2C200 1x, https:\/\/i0.wp.com\/jodelson.com\/dicasdeviagem\/wp-content\/uploads\/2010\/01\/Mus%C3%A9e-du-Louvre.jpg?fit=640%2C426&resize=525%2C300 1.5x"},"classes":[]},{"id":884,"url":"http:\/\/jodelson.com\/dicasdeviagem\/ringling\/","url_meta":{"origin":452,"position":5},"title":"The Ringling: 4 motivos em um s\u00f3 para visitar Sarasota, FL","author":"jodelson","date":"06\/12\/2014","format":false,"excerpt":"John Ringling foi um empres\u00e1rio de sucesso que se tornou milion\u00e1rio na \u00e9poca \u00e1urea do circo americano e construiu sua casa de inverno em Sarasota, uma cidade litor\u00e2nea na costa oeste da Florida. Esse propriedade foi deixada em testamento para o\u00a0Governo do Estado da Florida que a mant\u00e9m at\u00e9 hoje\u2026","rel":"","context":"Em &quot;Am\u00e9rica do Norte&quot;","block_context":{"text":"Am\u00e9rica do Norte","link":"http:\/\/jodelson.com\/dicasdeviagem\/category\/america-do-norte\/"},"img":{"alt_text":"The Ringling - Vista a\u00e9rea do Museu de Artes","src":"https:\/\/i0.wp.com\/jodelson.com\/dicasdeviagem\/wp-content\/uploads\/2014\/12\/The-Ringling-Vista-a%C3%A9rea-do-Museu-de-Artes.jpg?resize=350%2C200","width":350,"height":200,"srcset":"https:\/\/i0.wp.com\/jodelson.com\/dicasdeviagem\/wp-content\/uploads\/2014\/12\/The-Ringling-Vista-a%C3%A9rea-do-Museu-de-Artes.jpg?resize=350%2C200 1x, https:\/\/i0.wp.com\/jodelson.com\/dicasdeviagem\/wp-content\/uploads\/2014\/12\/The-Ringling-Vista-a%C3%A9rea-do-Museu-de-Artes.jpg?resize=525%2C300 1.5x, https:\/\/i0.wp.com\/jodelson.com\/dicasdeviagem\/wp-content\/uploads\/2014\/12\/The-Ringling-Vista-a%C3%A9rea-do-Museu-de-Artes.jpg?resize=700%2C400 2x"},"classes":[]}],"_links":{"self":[{"href":"http:\/\/jodelson.com\/dicasdeviagem\/wp-json\/wp\/v2\/posts\/452","targetHints":{"allow":["GET"]}}],"collection":[{"href":"http:\/\/jodelson.com\/dicasdeviagem\/wp-json\/wp\/v2\/posts"}],"about":[{"href":"http:\/\/jodelson.com\/dicasdeviagem\/wp-json\/wp\/v2\/types\/post"}],"author":[{"embeddable":true,"href":"http:\/\/jodelson.com\/dicasdeviagem\/wp-json\/wp\/v2\/users\/1"}],"replies":[{"embeddable":true,"href":"http:\/\/jodelson.com\/dicasdeviagem\/wp-json\/wp\/v2\/comments?post=452"}],"version-history":[{"count":38,"href":"http:\/\/jodelson.com\/dicasdeviagem\/wp-json\/wp\/v2\/posts\/452\/revisions"}],"predecessor-version":[{"id":3625,"href":"http:\/\/jodelson.com\/dicasdeviagem\/wp-json\/wp\/v2\/posts\/452\/revisions\/3625"}],"wp:featuredmedia":[{"embeddable":true,"href":"http:\/\/jodelson.com\/dicasdeviagem\/wp-json\/wp\/v2\/media\/3211"}],"wp:attachment":[{"href":"http:\/\/jodelson.com\/dicasdeviagem\/wp-json\/wp\/v2\/media?parent=452"}],"wp:term":[{"taxonomy":"category","embeddable":true,"href":"http:\/\/jodelson.com\/dicasdeviagem\/wp-json\/wp\/v2\/categories?post=452"},{"taxonomy":"post_tag","embeddable":true,"href":"http:\/\/jodelson.com\/dicasdeviagem\/wp-json\/wp\/v2\/tags?post=452"}],"curies":[{"name":"wp","href":"https:\/\/api.w.org\/{rel}","templated":true}]}}